{"id":10176,"date":"2022-02-11T10:48:05","date_gmt":"2022-02-11T13:48:05","guid":{"rendered":"https:\/\/museocaraffa.org.ar\/coleccion\/?p=10176"},"modified":"2022-02-11T10:48:09","modified_gmt":"2022-02-11T13:48:09","slug":"temporanea-no3-serie-temporaneas-1a-serie","status":"publish","type":"post","link":"https:\/\/museocaraffa.org.ar\/coleccion\/index.php\/2022\/02\/11\/temporanea-no3-serie-temporaneas-1a-serie\/","title":{"rendered":"Tempor\u00e1nea N\u00ba3 (serie \u00abTempor\u00e1neas &#8211; 1a. serie\u00bb)"},"content":{"rendered":"\n<h5 id=\"andrade-federico\"><strong><a href=\"https:\/\/museocaraffa.org.ar\/coleccion\/index.php\/2022\/02\/11\/andrade-federico\/\" data-type=\"post\" data-id=\"10174\">Andrade, Federico<\/a><\/strong><\/h5>\n\n\n\n<figure class=\"wp-block-image size-full\"><img loading=\"lazy\" width=\"400\" height=\"400\" src=\"https:\/\/museocaraffa.org.ar\/coleccion\/wp-content\/uploads\/2022\/02\/Andrade_Temporanea_web.jpg\" alt=\"\" class=\"wp-image-10177\" srcset=\"https:\/\/museocaraffa.org.ar\/coleccion\/wp-content\/uploads\/2022\/02\/Andrade_Temporanea_web.jpg 400w, https:\/\/museocaraffa.org.ar\/coleccion\/wp-content\/uploads\/2022\/02\/Andrade_Temporanea_web-300x300.jpg 300w, https:\/\/museocaraffa.org.ar\/coleccion\/wp-content\/uploads\/2022\/02\/Andrade_Temporanea_web-150x150.jpg 150w, https:\/\/museocaraffa.org.ar\/coleccion\/wp-content\/uploads\/2022\/02\/Andrade_Temporanea_web-200x200.jpg 200w\" sizes=\"(max-width: 400px) 100vw, 400px\" \/><\/figure>\n\n\n\n<p style=\"font-size:12px\"><\/p>\n\n\n\n<p class=\"has-small-font-size\">A\u00f1o: 2007<br>T\u00e9cnica: Fotograf\u00eda lambda-print. Edic.: 3\/5 + CA<br>Dimensiones: 100 x 100 cm<br>Dimensiones con marco\/base: 101 x 101 cm<br>N\u00ba inv.: 1286<br>Ingreso: Donaci\u00f3n del artista, 2008; a partir de la exposici\u00f3n \u00abEl nuevo Caraffa\u2026\u00bb, Museo Caraffa, 2007-2008<\/p>\n\n\n\n<p><\/p>\n\n\n\n<p><\/p>\n\n\n<div style=\"font-size: 12px;\" class=\"taxonomy-post_tag wp-block-post-terms\"><a href=\"https:\/\/museocaraffa.org.ar\/coleccion\/index.php\/tag\/arte-argentino\/\" rel=\"tag\">arte argentino<\/a><span class=\"wp-block-post-terms__separator\">, <\/span><a href=\"https:\/\/museocaraffa.org.ar\/coleccion\/index.php\/tag\/arte-cordoba\/\" rel=\"tag\">arte c\u00f3rdoba<\/a><span class=\"wp-block-post-terms__separator\">, <\/span><a href=\"https:\/\/museocaraffa.org.ar\/coleccion\/index.php\/tag\/decada-2000\/\" rel=\"tag\">d\u00e9cada 2000<\/a><span class=\"wp-block-post-terms__separator\">, <\/span><a href=\"https:\/\/museocaraffa.org.ar\/coleccion\/index.php\/tag\/fotografia\/\" rel=\"tag\">fotograf\u00eda<\/a><span class=\"wp-block-post-terms__separator\">, <\/span><a href=\"https:\/\/museocaraffa.org.ar\/coleccion\/index.php\/tag\/paisaje\/\" rel=\"tag\">paisaje<\/a><\/div>\n\n\n<p><\/p>\n\n\n\n<p><\/p>\n","protected":false},"excerpt":{"rendered":"<p>Andrade, Federico. Tempor\u00e1nea N\u00b0 3. 2007. Fotograf\u00eda. 100 x 100 cm<\/p>\n","protected":false},"author":1,"featured_media":0,"comment_status":"closed","ping_status":"closed","sticky":false,"template":"","format":"standard","meta":{"_vp_format_video_url":"","_vp_image_focal_point":[]},"categories":[7],"tags":[15,16,30,21,24],"_links":{"self":[{"href":"https:\/\/museocaraffa.org.ar\/coleccion\/index.php\/wp-json\/wp\/v2\/posts\/10176"}],"collection":[{"href":"https:\/\/museocaraffa.org.ar\/coleccion\/index.php\/wp-json\/wp\/v2\/posts"}],"about":[{"href":"https:\/\/museocaraffa.org.ar\/coleccion\/index.php\/wp-json\/wp\/v2\/types\/post"}],"author":[{"embeddable":true,"href":"https:\/\/museocaraffa.org.ar\/coleccion\/index.php\/wp-json\/wp\/v2\/users\/1"}],"replies":[{"embeddable":true,"href":"https:\/\/museocaraffa.org.ar\/coleccion\/index.php\/wp-json\/wp\/v2\/comments?post=10176"}],"version-history":[{"count":1,"href":"https:\/\/museocaraffa.org.ar\/coleccion\/index.php\/wp-json\/wp\/v2\/posts\/10176\/revisions"}],"predecessor-version":[{"id":10178,"href":"https:\/\/museocaraffa.org.ar\/coleccion\/index.php\/wp-json\/wp\/v2\/posts\/10176\/revisions\/10178"}],"wp:attachment":[{"href":"https:\/\/museocaraffa.org.ar\/coleccion\/index.php\/wp-json\/wp\/v2\/media?parent=10176"}],"wp:term":[{"taxonomy":"category","embeddable":true,"href":"https:\/\/museocaraffa.org.ar\/coleccion\/index.php\/wp-json\/wp\/v2\/categories?post=10176"},{"taxonomy":"post_tag","embeddable":true,"href":"https:\/\/museocaraffa.org.ar\/coleccion\/index.php\/wp-json\/wp\/v2\/tags?post=10176"}],"curies":[{"name":"wp","href":"https:\/\/api.w.org\/{rel}","templated":true}]}}