{"id":10221,"date":"2022-02-11T14:29:55","date_gmt":"2022-02-11T17:29:55","guid":{"rendered":"https:\/\/museocaraffa.org.ar\/coleccion\/?p=10221"},"modified":"2022-02-15T14:15:41","modified_gmt":"2022-02-15T17:15:41","slug":"zeitgeist-epilogo-bagdag-kabul-1991-2001","status":"publish","type":"post","link":"https:\/\/museocaraffa.org.ar\/coleccion\/index.php\/2022\/02\/11\/zeitgeist-epilogo-bagdag-kabul-1991-2001\/","title":{"rendered":"Zeitgeist (Ep\u00edlogo). Bagdag-Kabul 1991\/2001"},"content":{"rendered":"\n<h5 id=\"valansi-gabriel\"><strong><a href=\"https:\/\/museocaraffa.org.ar\/coleccion\/index.php\/2022\/02\/11\/valansi-gabriel\/\" data-type=\"post\" data-id=\"10219\">Valansi, Gabriel<\/a><\/strong><\/h5>\n\n\n\n<figure class=\"wp-block-image size-full\"><img loading=\"lazy\" width=\"499\" height=\"350\" src=\"https:\/\/museocaraffa.org.ar\/coleccion\/wp-content\/uploads\/2022\/02\/Valansi_Zeitgeist_web-1.jpg\" alt=\"\" class=\"wp-image-10353\" srcset=\"https:\/\/museocaraffa.org.ar\/coleccion\/wp-content\/uploads\/2022\/02\/Valansi_Zeitgeist_web-1.jpg 499w, https:\/\/museocaraffa.org.ar\/coleccion\/wp-content\/uploads\/2022\/02\/Valansi_Zeitgeist_web-1-300x210.jpg 300w\" sizes=\"(max-width: 499px) 100vw, 499px\" \/><\/figure>\n\n\n\n<p style=\"font-size:12px\"><\/p>\n\n\n\n<p class=\"has-small-font-size\">A\u00f1o: 2002<br>T\u00e9cnica: Fotograf\u00eda digital (14 im\u00e1genes montadas sobre material lenticular)<br>Dimensiones: 80,5 x 114 cm<br>Dimensiones con marco\/base: Sin marco<br>N\u00ba inv.: 1106<br>Ingreso: Donaci\u00f3n de Chandon, 2002 (Premio Chandon en arteBA, 2002)<\/p>\n\n\n\n<p><\/p>\n\n\n\n<p><\/p>\n\n\n<div style=\"font-size: 12px;\" class=\"taxonomy-post_tag wp-block-post-terms\"><a href=\"https:\/\/museocaraffa.org.ar\/coleccion\/index.php\/tag\/arte-argentino\/\" rel=\"tag\">arte argentino<\/a><span class=\"wp-block-post-terms__separator\">, <\/span><a href=\"https:\/\/museocaraffa.org.ar\/coleccion\/index.php\/tag\/decada-2000\/\" rel=\"tag\">d\u00e9cada 2000<\/a><span class=\"wp-block-post-terms__separator\">, <\/span><a href=\"https:\/\/museocaraffa.org.ar\/coleccion\/index.php\/tag\/fotografia\/\" rel=\"tag\">fotograf\u00eda<\/a><\/div>\n\n\n<p><\/p>\n\n\n\n<p><\/p>\n","protected":false},"excerpt":{"rendered":"<p>Valansi, Gabriel. Zeitgeist (Ep\u00edlogo). Bagdag-Kabul 1991\/2001. 2002. Fotograf\u00eda digital. 80,5 x 114 cm<\/p>\n","protected":false},"author":1,"featured_media":0,"comment_status":"closed","ping_status":"closed","sticky":false,"template":"","format":"standard","meta":{"_vp_format_video_url":"","_vp_image_focal_point":[]},"categories":[7],"tags":[15,30,21],"_links":{"self":[{"href":"https:\/\/museocaraffa.org.ar\/coleccion\/index.php\/wp-json\/wp\/v2\/posts\/10221"}],"collection":[{"href":"https:\/\/museocaraffa.org.ar\/coleccion\/index.php\/wp-json\/wp\/v2\/posts"}],"about":[{"href":"https:\/\/museocaraffa.org.ar\/coleccion\/index.php\/wp-json\/wp\/v2\/types\/post"}],"author":[{"embeddable":true,"href":"https:\/\/museocaraffa.org.ar\/coleccion\/index.php\/wp-json\/wp\/v2\/users\/1"}],"replies":[{"embeddable":true,"href":"https:\/\/museocaraffa.org.ar\/coleccion\/index.php\/wp-json\/wp\/v2\/comments?post=10221"}],"version-history":[{"count":2,"href":"https:\/\/museocaraffa.org.ar\/coleccion\/index.php\/wp-json\/wp\/v2\/posts\/10221\/revisions"}],"predecessor-version":[{"id":10354,"href":"https:\/\/museocaraffa.org.ar\/coleccion\/index.php\/wp-json\/wp\/v2\/posts\/10221\/revisions\/10354"}],"wp:attachment":[{"href":"https:\/\/museocaraffa.org.ar\/coleccion\/index.php\/wp-json\/wp\/v2\/media?parent=10221"}],"wp:term":[{"taxonomy":"category","embeddable":true,"href":"https:\/\/museocaraffa.org.ar\/coleccion\/index.php\/wp-json\/wp\/v2\/categories?post=10221"},{"taxonomy":"post_tag","embeddable":true,"href":"https:\/\/museocaraffa.org.ar\/coleccion\/index.php\/wp-json\/wp\/v2\/tags?post=10221"}],"curies":[{"name":"wp","href":"https:\/\/api.w.org\/{rel}","templated":true}]}}