{"id":10446,"date":"2022-02-17T15:56:11","date_gmt":"2022-02-17T18:56:11","guid":{"rendered":"https:\/\/museocaraffa.org.ar\/coleccion\/?p=10446"},"modified":"2022-02-17T15:56:15","modified_gmt":"2022-02-17T18:56:15","slug":"tierra-blanca","status":"publish","type":"post","link":"https:\/\/museocaraffa.org.ar\/coleccion\/index.php\/2022\/02\/17\/tierra-blanca\/","title":{"rendered":"Tierra blanca"},"content":{"rendered":"\n<h5 id=\"vidal-lozano-mario\"><strong><a href=\"https:\/\/museocaraffa.org.ar\/coleccion\/index.php\/2022\/02\/17\/vidal-lozano-mario\/\" data-type=\"post\" data-id=\"10444\">Vidal Lozano, Mario<\/a><\/strong><\/h5>\n\n\n\n<figure class=\"wp-block-image size-full\"><img loading=\"lazy\" width=\"319\" height=\"400\" src=\"https:\/\/museocaraffa.org.ar\/coleccion\/wp-content\/uploads\/2022\/02\/Vidal-Lozano_Tierra-blanca_web.jpg\" alt=\"\" class=\"wp-image-10447\" srcset=\"https:\/\/museocaraffa.org.ar\/coleccion\/wp-content\/uploads\/2022\/02\/Vidal-Lozano_Tierra-blanca_web.jpg 319w, https:\/\/museocaraffa.org.ar\/coleccion\/wp-content\/uploads\/2022\/02\/Vidal-Lozano_Tierra-blanca_web-239x300.jpg 239w, https:\/\/museocaraffa.org.ar\/coleccion\/wp-content\/uploads\/2022\/02\/Vidal-Lozano_Tierra-blanca_web-300x376.jpg 300w\" sizes=\"(max-width: 319px) 100vw, 319px\" \/><\/figure>\n\n\n\n<p style=\"font-size:12px\"><\/p>\n\n\n\n<p class=\"has-small-font-size\">A\u00f1o: Ca. 1989<br>T\u00e9cnica: \u00d3leo y materia sobre hardboard<br>Dimensiones: 152 x 122 cm<br>Dimensiones con marco\/base: Sin marco<br>N\u00ba inv.: 1190<br>Ingreso: Primer Premio Adquisici\u00f3n \u00abRenault Argentina,\u00bb Sal\u00f3n Pro Arte C\u00f3rdoba, 1989<\/p>\n\n\n\n<p class=\"has-small-font-size\"><\/p>\n\n\n<div style=\"font-size: 12px;\" class=\"taxonomy-post_tag wp-block-post-terms\"><a href=\"https:\/\/museocaraffa.org.ar\/coleccion\/index.php\/tag\/abstraccion\/\" rel=\"tag\">abstracci\u00f3n<\/a><span class=\"wp-block-post-terms__separator\">, <\/span><a href=\"https:\/\/museocaraffa.org.ar\/coleccion\/index.php\/tag\/arte-argentino\/\" rel=\"tag\">arte argentino<\/a><span class=\"wp-block-post-terms__separator\">, <\/span><a href=\"https:\/\/museocaraffa.org.ar\/coleccion\/index.php\/tag\/decada-1980\/\" rel=\"tag\">d\u00e9cada 1980<\/a><span class=\"wp-block-post-terms__separator\">, <\/span><a href=\"https:\/\/museocaraffa.org.ar\/coleccion\/index.php\/tag\/pintura\/\" rel=\"tag\">pintura<\/a><\/div>\n\n\n<p><\/p>\n\n\n\n<p><\/p>\n","protected":false},"excerpt":{"rendered":"<p>Vidal Lozano, Mario. Tierra blanca. Ca. 1989. \u00d3leo y materia sobre hardboard. 152 x 122 cm<\/p>\n","protected":false},"author":1,"featured_media":0,"comment_status":"closed","ping_status":"closed","sticky":false,"template":"","format":"standard","meta":{"_vp_format_video_url":"","_vp_image_focal_point":[]},"categories":[7],"tags":[29,15,37,17],"_links":{"self":[{"href":"https:\/\/museocaraffa.org.ar\/coleccion\/index.php\/wp-json\/wp\/v2\/posts\/10446"}],"collection":[{"href":"https:\/\/museocaraffa.org.ar\/coleccion\/index.php\/wp-json\/wp\/v2\/posts"}],"about":[{"href":"https:\/\/museocaraffa.org.ar\/coleccion\/index.php\/wp-json\/wp\/v2\/types\/post"}],"author":[{"embeddable":true,"href":"https:\/\/museocaraffa.org.ar\/coleccion\/index.php\/wp-json\/wp\/v2\/users\/1"}],"replies":[{"embeddable":true,"href":"https:\/\/museocaraffa.org.ar\/coleccion\/index.php\/wp-json\/wp\/v2\/comments?post=10446"}],"version-history":[{"count":1,"href":"https:\/\/museocaraffa.org.ar\/coleccion\/index.php\/wp-json\/wp\/v2\/posts\/10446\/revisions"}],"predecessor-version":[{"id":10448,"href":"https:\/\/museocaraffa.org.ar\/coleccion\/index.php\/wp-json\/wp\/v2\/posts\/10446\/revisions\/10448"}],"wp:attachment":[{"href":"https:\/\/museocaraffa.org.ar\/coleccion\/index.php\/wp-json\/wp\/v2\/media?parent=10446"}],"wp:term":[{"taxonomy":"category","embeddable":true,"href":"https:\/\/museocaraffa.org.ar\/coleccion\/index.php\/wp-json\/wp\/v2\/categories?post=10446"},{"taxonomy":"post_tag","embeddable":true,"href":"https:\/\/museocaraffa.org.ar\/coleccion\/index.php\/wp-json\/wp\/v2\/tags?post=10446"}],"curies":[{"name":"wp","href":"https:\/\/api.w.org\/{rel}","templated":true}]}}