{"id":10566,"date":"2022-03-02T14:41:47","date_gmt":"2022-03-02T17:41:47","guid":{"rendered":"https:\/\/museocaraffa.org.ar\/coleccion\/?p=10566"},"modified":"2022-03-02T15:22:56","modified_gmt":"2022-03-02T18:22:56","slug":"tessandori-luis","status":"publish","type":"post","link":"https:\/\/museocaraffa.org.ar\/coleccion\/index.php\/2022\/03\/02\/tessandori-luis\/","title":{"rendered":"Tessandori, Luis"},"content":{"rendered":"\n<p class=\"has-small-font-size\"><strong>(Buenos Aires, 1897 &#8211; La Poblaci\u00f3n, C\u00f3rdoba, 1974)<\/strong><br>Perteneciente a una familia de origen italiano, inici\u00f3 sus estudios en la Academia Nacional de Bellas Artes, con la gu\u00eda de <a href=\"https:\/\/museocaraffa.org.ar\/coleccion\/index.php\/2021\/11\/23\/fader-fernando\/\" data-type=\"post\" data-id=\"8043\">Fernando Fader<\/a>. Sigui\u00f3 a \u00e9ste a C\u00f3rdoba (Dean Funes), para continuar as\u00ed su formaci\u00f3n. Recorri\u00f3 San Juan junto a <a href=\"https:\/\/museocaraffa.org.ar\/coleccion\/index.php\/2022\/02\/08\/spilimbergo-lino-enea\/\" data-type=\"post\" data-id=\"9961\">Lino E. Spilimbergo<\/a> pintando sus paisajes y en 1919 asisti\u00f3 al taller de <a href=\"https:\/\/museocaraffa.org.ar\/coleccion\/index.php\/2022\/01\/27\/quiros-cesareo-bernaldo-de\/\" data-type=\"post\" data-id=\"9727\">Ces\u00e1reo Bernaldo de Quir\u00f3s<\/a>. En 1924 realiz\u00f3 su primera exposici\u00f3n en Buenos Aires. Se traslad\u00f3 luego a C\u00f3rdoba, radic\u00e1ndose en San Javier y posteriormente en una peque\u00f1a localidad cercana: La Poblaci\u00f3n.<br>Se aboc\u00f3 en su obra, principalmente, a la representaci\u00f3n de animales, escenas de campo y paisajes serranos. Su pintura se apoy\u00f3 en un dibujo rigurosamente estructurado. Reconoci\u00f3 como referentes importantes a Segantini y C\u00e9zanne.<br>Se desempe\u00f1\u00f3 como docente de dibujo en la Escuela Normal de Villa Dolores, C\u00f3rdoba.<br>Envi\u00f3 con frecuencia a los salones de Buenos Aires. Obtuvo el Tercer Premio (1924), el Segundo Premio (1925), el Premio \u00abEduardo S\u00edvori\u00bb\u00a0 (1927), el Segundo y Tercer Premio Municipal (1930, 1929), el Primer Premio (1931) y el Premio Adquisici\u00f3n \u00abMinisterio de Agricultura\u00bb (1946), en el Sal\u00f3n Nacional de Bellas Artes.<\/p>\n\n\n\n<hr class=\"wp-block-separator\"\/>\n\n\n\n<h6 id=\"obras\"><strong><span class=\"has-inline-color has-cyan-bluish-gray-color\">Obras<\/span><\/strong><\/h6>\n\n\n\n<p class=\"has-small-font-size\"><em><a href=\"https:\/\/museocaraffa.org.ar\/coleccion\/index.php\/2022\/03\/02\/descanso-2\/\" data-type=\"post\" data-id=\"10568\">Descanso<\/a><\/em><a href=\"https:\/\/museocaraffa.org.ar\/coleccion\/index.php\/2022\/02\/17\/trust-me\/\" data-type=\"post\" data-id=\"10479\"><br><br><br><br><br><br><em><br><\/em><br><\/a><\/p>\n","protected":false},"excerpt":{"rendered":"<p>Tessandori, Luis (Buenos Aires, 1897 &#8211; La Poblaci\u00f3n, C\u00f3rdoba, 1974)<\/p>\n","protected":false},"author":1,"featured_media":0,"comment_status":"closed","ping_status":"closed","sticky":false,"template":"","format":"standard","meta":{"_vp_format_video_url":"","_vp_image_focal_point":[]},"categories":[6],"tags":[],"_links":{"self":[{"href":"https:\/\/museocaraffa.org.ar\/coleccion\/index.php\/wp-json\/wp\/v2\/posts\/10566"}],"collection":[{"href":"https:\/\/museocaraffa.org.ar\/coleccion\/index.php\/wp-json\/wp\/v2\/posts"}],"about":[{"href":"https:\/\/museocaraffa.org.ar\/coleccion\/index.php\/wp-json\/wp\/v2\/types\/post"}],"author":[{"embeddable":true,"href":"https:\/\/museocaraffa.org.ar\/coleccion\/index.php\/wp-json\/wp\/v2\/users\/1"}],"replies":[{"embeddable":true,"href":"https:\/\/museocaraffa.org.ar\/coleccion\/index.php\/wp-json\/wp\/v2\/comments?post=10566"}],"version-history":[{"count":3,"href":"https:\/\/museocaraffa.org.ar\/coleccion\/index.php\/wp-json\/wp\/v2\/posts\/10566\/revisions"}],"predecessor-version":[{"id":10574,"href":"https:\/\/museocaraffa.org.ar\/coleccion\/index.php\/wp-json\/wp\/v2\/posts\/10566\/revisions\/10574"}],"wp:attachment":[{"href":"https:\/\/museocaraffa.org.ar\/coleccion\/index.php\/wp-json\/wp\/v2\/media?parent=10566"}],"wp:term":[{"taxonomy":"category","embeddable":true,"href":"https:\/\/museocaraffa.org.ar\/coleccion\/index.php\/wp-json\/wp\/v2\/categories?post=10566"},{"taxonomy":"post_tag","embeddable":true,"href":"https:\/\/museocaraffa.org.ar\/coleccion\/index.php\/wp-json\/wp\/v2\/tags?post=10566"}],"curies":[{"name":"wp","href":"https:\/\/api.w.org\/{rel}","templated":true}]}}