{"id":10591,"date":"2022-04-07T13:48:09","date_gmt":"2022-04-07T16:48:09","guid":{"rendered":"https:\/\/museocaraffa.org.ar\/coleccion\/?p=10591"},"modified":"2022-04-07T13:48:10","modified_gmt":"2022-04-07T16:48:10","slug":"senora-con-prendedor","status":"publish","type":"post","link":"https:\/\/museocaraffa.org.ar\/coleccion\/index.php\/2022\/04\/07\/senora-con-prendedor\/","title":{"rendered":"Se\u00f1ora con prendedor"},"content":{"rendered":"\n<h5><strong><a href=\"https:\/\/museocaraffa.org.ar\/coleccion\/index.php\/2021\/11\/11\/bonome-alejandro\/\" data-type=\"post\" data-id=\"7225\">Bonome, Alejandro<\/a><\/strong><\/h5>\n\n\n\n<figure class=\"wp-block-image size-full\"><img loading=\"lazy\" width=\"287\" height=\"400\" src=\"https:\/\/museocaraffa.org.ar\/coleccion\/wp-content\/uploads\/2022\/04\/Bonome_Senora-con-prendedor_web.jpg\" alt=\"\" class=\"wp-image-10592\" srcset=\"https:\/\/museocaraffa.org.ar\/coleccion\/wp-content\/uploads\/2022\/04\/Bonome_Senora-con-prendedor_web.jpg 287w, https:\/\/museocaraffa.org.ar\/coleccion\/wp-content\/uploads\/2022\/04\/Bonome_Senora-con-prendedor_web-215x300.jpg 215w\" sizes=\"(max-width: 287px) 100vw, 287px\" \/><\/figure>\n\n\n\n<p class=\"has-small-font-size\">A\u00f1o: 1986<br>T\u00e9cnica: T\u00e9mpera<br>Dimensiones: 44 x 32 cm<br>Dimensiones con marco\/base: 62 x 50,5 cm<br>N\u00ba inv.: 980<br>Ingreso: Donaci\u00f3n del artista, 1994<br><\/p>\n\n\n\n<p class=\"has-small-font-size\"><\/p>\n\n\n<div style=\"font-size: 12px;\" class=\"taxonomy-post_tag wp-block-post-terms\"><a href=\"https:\/\/museocaraffa.org.ar\/coleccion\/index.php\/tag\/arte-argentino\/\" rel=\"tag\">arte argentino<\/a><span class=\"wp-block-post-terms__separator\">, <\/span><a href=\"https:\/\/museocaraffa.org.ar\/coleccion\/index.php\/tag\/arte-cordoba\/\" rel=\"tag\">arte c\u00f3rdoba<\/a><span class=\"wp-block-post-terms__separator\">, <\/span><a href=\"https:\/\/museocaraffa.org.ar\/coleccion\/index.php\/tag\/decada-1980\/\" rel=\"tag\">d\u00e9cada 1980<\/a><span class=\"wp-block-post-terms__separator\">, <\/span><a href=\"https:\/\/museocaraffa.org.ar\/coleccion\/index.php\/tag\/figura\/\" rel=\"tag\">figura<\/a><span class=\"wp-block-post-terms__separator\">, <\/span><a href=\"https:\/\/museocaraffa.org.ar\/coleccion\/index.php\/tag\/pintura\/\" rel=\"tag\">pintura<\/a><\/div>\n\n\n<p><\/p>\n","protected":false},"excerpt":{"rendered":"<p>Bonome, Alejandro. Se\u00f1ora con prendedor. 1986. T\u00e9mpera. 44 x 32 cm<\/p>\n","protected":false},"author":1,"featured_media":0,"comment_status":"closed","ping_status":"closed","sticky":false,"template":"","format":"standard","meta":{"_vp_format_video_url":"","_vp_image_focal_point":[]},"categories":[7],"tags":[15,16,37,25,17],"_links":{"self":[{"href":"https:\/\/museocaraffa.org.ar\/coleccion\/index.php\/wp-json\/wp\/v2\/posts\/10591"}],"collection":[{"href":"https:\/\/museocaraffa.org.ar\/coleccion\/index.php\/wp-json\/wp\/v2\/posts"}],"about":[{"href":"https:\/\/museocaraffa.org.ar\/coleccion\/index.php\/wp-json\/wp\/v2\/types\/post"}],"author":[{"embeddable":true,"href":"https:\/\/museocaraffa.org.ar\/coleccion\/index.php\/wp-json\/wp\/v2\/users\/1"}],"replies":[{"embeddable":true,"href":"https:\/\/museocaraffa.org.ar\/coleccion\/index.php\/wp-json\/wp\/v2\/comments?post=10591"}],"version-history":[{"count":1,"href":"https:\/\/museocaraffa.org.ar\/coleccion\/index.php\/wp-json\/wp\/v2\/posts\/10591\/revisions"}],"predecessor-version":[{"id":10593,"href":"https:\/\/museocaraffa.org.ar\/coleccion\/index.php\/wp-json\/wp\/v2\/posts\/10591\/revisions\/10593"}],"wp:attachment":[{"href":"https:\/\/museocaraffa.org.ar\/coleccion\/index.php\/wp-json\/wp\/v2\/media?parent=10591"}],"wp:term":[{"taxonomy":"category","embeddable":true,"href":"https:\/\/museocaraffa.org.ar\/coleccion\/index.php\/wp-json\/wp\/v2\/categories?post=10591"},{"taxonomy":"post_tag","embeddable":true,"href":"https:\/\/museocaraffa.org.ar\/coleccion\/index.php\/wp-json\/wp\/v2\/tags?post=10591"}],"curies":[{"name":"wp","href":"https:\/\/api.w.org\/{rel}","templated":true}]}}