{"id":10748,"date":"2022-04-13T16:59:04","date_gmt":"2022-04-13T19:59:04","guid":{"rendered":"https:\/\/museocaraffa.org.ar\/coleccion\/?p=10748"},"modified":"2024-10-16T11:32:00","modified_gmt":"2024-10-16T14:32:00","slug":"alvarez-soave-jose","status":"publish","type":"post","link":"https:\/\/museocaraffa.org.ar\/coleccion\/index.php\/2022\/04\/13\/alvarez-soave-jose\/","title":{"rendered":"\u00c1lvarez Soave, Jos\u00e9"},"content":{"rendered":"\n<p class=\"has-small-font-size\"><strong>(Villa Mar\u00eda, C\u00f3rdoba, 1915 &#8211; C\u00f3rdoba, 1999)<\/strong><br>Se form\u00f3 en la Academia Provincial de Bellas Artes de C\u00f3rdoba (1935-1941), donde fue disc\u00edpulo de <a href=\"https:\/\/museocaraffa.org.ar\/coleccion\/index.php\/2022\/02\/14\/vidal-francisco\/\" data-type=\"post\" data-id=\"10295\">Francisco Vidal<\/a>, <a href=\"https:\/\/museocaraffa.org.ar\/coleccion\/index.php\/2021\/11\/12\/camilloni-carlos\/\" data-type=\"post\" data-id=\"7336\">Carlos Camilloni<\/a> y <a href=\"https:\/\/museocaraffa.org.ar\/coleccion\/index.php\/2021\/12\/20\/lescano-ceballos-edelmiro\/\" data-type=\"post\" data-id=\"8646\">Edelmiro Lescano Ceballos<\/a>. Desde la d\u00e9cada de 1940 estuvo activo en la escena cordobesa; expuso individualmente en el Taller Uni\u00f3n de Pl\u00e1sticos de C\u00f3rdoba (1943), en el Ministerio de Educaci\u00f3n y Cultura (1951) y en la Biblioteca Rivadavia de Villa Mar\u00eda (1953); particip\u00f3 adem\u00e1s en diversos salones: Sal\u00f3n Municipal de Pintura y Escultura (1941, 1945), Primer Sal\u00f3n Tout-Petit (1943), Segundo Sal\u00f3n de Artes Pl\u00e1sticas del Jockey Club C\u00f3rdoba (1946), Sal\u00f3n de Oto\u00f1o, organizado por la Direcci\u00f3n de Turismo (1949), varias ediciones del Sal\u00f3n de Artes Pl\u00e1sticas de C\u00f3rdoba (en 1954 obtuvo el Segundo Premio en Pintura); Premio Anual \u00abDr. Genaro P\u00e9rez\u00bb (1957); Primer concurso anual de artes visuales contempor\u00e1neas de C\u00f3rdoba &#8211; IKA (1958). Realiz\u00f3 tambi\u00e9n env\u00edos a otros cert\u00e1menes argentinos como el Sal\u00f3n Nacional de Artes Pl\u00e1sticas (1951-1953), el Sal\u00f3n Nacional de Artes Pl\u00e1sticas de Mendoza (1956) y el Sal\u00f3n Anual de Artes Pl\u00e1sticas de Rosario (1957). Vale destacar su participaci\u00f3n en 1957 junto a un n\u00facleo de artistas cordobeses (<a href=\"https:\/\/museocaraffa.org.ar\/coleccion\/index.php\/2021\/11\/11\/bonevardi-marcelo\/\" data-type=\"post\" data-id=\"7219\">M. Bonevadi<\/a>,\u00a0 <a href=\"https:\/\/museocaraffa.org.ar\/coleccion\/index.php\/2021\/11\/11\/bonome-alejandro\/\" data-type=\"post\" data-id=\"7225\">A. Bonome<\/a>, <a href=\"https:\/\/museocaraffa.org.ar\/coleccion\/index.php\/2021\/11\/20\/de-juan-ronaldo\/\" data-type=\"post\" data-id=\"7791\">R. de Juan<\/a>, <a href=\"https:\/\/museocaraffa.org.ar\/coleccion\/index.php\/2021\/12\/29\/miravet-tito\/\" data-type=\"post\" data-id=\"8943\">T. Miravet<\/a>, <a href=\"https:\/\/museocaraffa.org.ar\/coleccion\/index.php\/2022\/01\/08\/pecker-raul\/\" data-type=\"post\" data-id=\"9177\">R. Pecker<\/a>, <a href=\"https:\/\/museocaraffa.org.ar\/coleccion\/index.php\/2022\/01\/12\/pont-verges-pedro\/\" data-type=\"post\" data-id=\"9414\">P. Pont Verg\u00e9s<\/a>, <a href=\"https:\/\/museocaraffa.org.ar\/coleccion\/index.php\/2022\/02\/15\/viola-roberto\/\" data-type=\"post\" data-id=\"10362\">R. Viola<\/a>, <a href=\"https:\/\/museocaraffa.org.ar\/coleccion\/index.php\/2022\/02\/18\/waysmann-luis-luis-waisman\/\" data-type=\"post\" data-id=\"10492\">L. Waysmann<\/a>) en una ambiciosa exposici\u00f3n que, con ligeras variaciones en su t\u00edtulo (\u00ab9 Pintores modernos cordobeses\u00bb\/\u00bb9 Pintores modernos\u00bb\/\u00bb9 Pintores cordobeses\u00bb) se present\u00f3 sucesivamente en el Museo \u00abRosa Galisteo de Rodr\u00edguez\u00bb (Santa Fe), Museo \u00abPedro E. Mart\u00ednez\u00bb (Paran\u00e1) y en la galer\u00eda Dipiel Gor\u00e9 (Tucum\u00e1n).<br>Su pintura, inicialmente apegada a la figuraci\u00f3n (figuras, naturalezas muertas, paisajes, que trabaj\u00f3 en diferentes t\u00e9cnicas: \u00f3leo, acuarela, t\u00e9mpera), fue dando paso a indagaciones cada vez m\u00e1s comprometidas con la abstracci\u00f3n, principalmente hacia fines de los cincuenta. Ejerci\u00f3 un extensa labor docente, actividad que releg\u00f3 a un segundo plano su producci\u00f3n pict\u00f3rica. En C\u00f3rdoba fue profesor en el Instituto Infantil de Educaci\u00f3n Art\u00edstica y Est\u00e9tica, en la Escuela Provincial de Cer\u00e1mica y en el Instituto de Cultura Popular \u00abGral. Jos\u00e9 de San Mart\u00edn\u00bb; en la Escuela Normal Superior \u00abDr. Agust\u00edn Garz\u00f3n Agulla\u00bb tuvo a su cargo el Taller de Escenograf\u00eda y Decorado. En la Escuela Provincial de Bellas Artes, adem\u00e1s de dictar clases, fue director entre 1968 y 1975. Su compromiso con la educaci\u00f3n art\u00edstica lo llev\u00f3 a dictar numerosos cursos y talleres para maestros, dar conferencias y asesorar reformas de planes de estudio no solo en la ciudad de C\u00f3rdoba, sino tambi\u00e9n en el interior de la provincia y en otras localidades del pa\u00eds.<br>[M. Fuentes]<\/p>\n\n\n\n<hr class=\"wp-block-separator\"\/>\n\n\n\n<h6 id=\"obras\"><strong><span class=\"has-inline-color has-cyan-bluish-gray-color\">Obras<\/span><\/strong><\/h6>\n\n\n\n<p class=\"has-small-font-size\"><em><em><a href=\"https:\/\/museocaraffa.org.ar\/coleccion\/index.php\/2022\/04\/13\/bodegon\/\" data-type=\"post\" data-id=\"10756\">Bodeg\u00f3n<\/a><\/em><\/em><br><em><a href=\"https:\/\/museocaraffa.org.ar\/coleccion\/index.php\/2022\/04\/13\/la-jaula\/\" data-type=\"post\" data-id=\"10750\">La jaula<\/a><br><\/em><a href=\"https:\/\/museocaraffa.org.ar\/coleccion\/index.php\/2022\/02\/17\/trust-me\/\" data-type=\"post\" data-id=\"10479\"><br><br><br><br><br><br><em><br><\/em><br><\/a><\/p>\n","protected":false},"excerpt":{"rendered":"<p>\u00c1lvarez Soave, Jos\u00e9 (Villa Mar\u00eda, C\u00f3rdoba, 1915 &#8211; C\u00f3rdoba, 1999)<\/p>\n","protected":false},"author":1,"featured_media":0,"comment_status":"closed","ping_status":"closed","sticky":false,"template":"","format":"standard","meta":{"_vp_format_video_url":"","_vp_image_focal_point":[]},"categories":[6],"tags":[],"_links":{"self":[{"href":"https:\/\/museocaraffa.org.ar\/coleccion\/index.php\/wp-json\/wp\/v2\/posts\/10748"}],"collection":[{"href":"https:\/\/museocaraffa.org.ar\/coleccion\/index.php\/wp-json\/wp\/v2\/posts"}],"about":[{"href":"https:\/\/museocaraffa.org.ar\/coleccion\/index.php\/wp-json\/wp\/v2\/types\/post"}],"author":[{"embeddable":true,"href":"https:\/\/museocaraffa.org.ar\/coleccion\/index.php\/wp-json\/wp\/v2\/users\/1"}],"replies":[{"embeddable":true,"href":"https:\/\/museocaraffa.org.ar\/coleccion\/index.php\/wp-json\/wp\/v2\/comments?post=10748"}],"version-history":[{"count":6,"href":"https:\/\/museocaraffa.org.ar\/coleccion\/index.php\/wp-json\/wp\/v2\/posts\/10748\/revisions"}],"predecessor-version":[{"id":13966,"href":"https:\/\/museocaraffa.org.ar\/coleccion\/index.php\/wp-json\/wp\/v2\/posts\/10748\/revisions\/13966"}],"wp:attachment":[{"href":"https:\/\/museocaraffa.org.ar\/coleccion\/index.php\/wp-json\/wp\/v2\/media?parent=10748"}],"wp:term":[{"taxonomy":"category","embeddable":true,"href":"https:\/\/museocaraffa.org.ar\/coleccion\/index.php\/wp-json\/wp\/v2\/categories?post=10748"},{"taxonomy":"post_tag","embeddable":true,"href":"https:\/\/museocaraffa.org.ar\/coleccion\/index.php\/wp-json\/wp\/v2\/tags?post=10748"}],"curies":[{"name":"wp","href":"https:\/\/api.w.org\/{rel}","templated":true}]}}