{"id":10788,"date":"2022-04-13T18:17:38","date_gmt":"2022-04-13T21:17:38","guid":{"rendered":"https:\/\/museocaraffa.org.ar\/coleccion\/?p=10788"},"modified":"2024-02-16T14:06:35","modified_gmt":"2024-02-16T17:06:35","slug":"sin-titulo-30","status":"publish","type":"post","link":"https:\/\/museocaraffa.org.ar\/coleccion\/index.php\/2022\/04\/13\/sin-titulo-30\/","title":{"rendered":"Sin t\u00edtulo"},"content":{"rendered":"\n<h5><strong><a href=\"https:\/\/museocaraffa.org.ar\/coleccion\/index.php\/2021\/11\/02\/arguello-pitt-mateo\/\" data-type=\"post\" data-id=\"6885\">Mateo Arg\u00fcello Pitt<\/a><\/strong><\/h5>\n\n\n\n<figure class=\"wp-block-image size-full\"><img loading=\"lazy\" width=\"421\" height=\"350\" src=\"https:\/\/museocaraffa.org.ar\/coleccion\/wp-content\/uploads\/2024\/02\/Arguello-Pitt_St_MP1155_web-1.jpg\" alt=\"\" class=\"wp-image-12949\" srcset=\"https:\/\/museocaraffa.org.ar\/coleccion\/wp-content\/uploads\/2024\/02\/Arguello-Pitt_St_MP1155_web-1.jpg 421w, https:\/\/museocaraffa.org.ar\/coleccion\/wp-content\/uploads\/2024\/02\/Arguello-Pitt_St_MP1155_web-1-300x249.jpg 300w\" sizes=\"(max-width: 421px) 100vw, 421px\" \/><\/figure>\n\n\n\n<p class=\"has-small-font-size\">A\u00f1o: 2003<br>T\u00e9cnica: Mixta<br>Dimensiones: 49 x 59 cm<br>Dimensiones con marco\/base: 51,5 x 61 cm<br>N\u00ba inv.: 1155<br>Ingreso: Donaci\u00f3n del artista, 2003; en el marco de la exposici\u00f3n \u00abArte de C\u00f3rdoba &#8211; Programa Argentina Pinta Bien\u00bb, Museo Caraffa, 2003-2004.<\/p>\n\n\n<div style=\"font-size: 12px;\" class=\"taxonomy-post_tag wp-block-post-terms\"><a href=\"https:\/\/museocaraffa.org.ar\/coleccion\/index.php\/tag\/arte-argentino\/\" rel=\"tag\">arte argentino<\/a><span class=\"wp-block-post-terms__separator\">, <\/span><a href=\"https:\/\/museocaraffa.org.ar\/coleccion\/index.php\/tag\/arte-cordoba\/\" rel=\"tag\">arte c\u00f3rdoba<\/a><span class=\"wp-block-post-terms__separator\">, <\/span><a href=\"https:\/\/museocaraffa.org.ar\/coleccion\/index.php\/tag\/decada-2000\/\" rel=\"tag\">d\u00e9cada 2000<\/a><span class=\"wp-block-post-terms__separator\">, <\/span><a href=\"https:\/\/museocaraffa.org.ar\/coleccion\/index.php\/tag\/figura\/\" rel=\"tag\">figura<\/a><span class=\"wp-block-post-terms__separator\">, <\/span><a href=\"https:\/\/museocaraffa.org.ar\/coleccion\/index.php\/tag\/pintura\/\" rel=\"tag\">pintura<\/a><\/div>\n\n\n<p class=\"has-small-font-size\"><br><\/p>\n","protected":false},"excerpt":{"rendered":"<p>Arg\u00fcello Pitt, Mateo. Sin t\u00edtulo. 2003. T\u00e9cnica mixta. 49 x 59 cm <\/p>\n","protected":false},"author":1,"featured_media":0,"comment_status":"closed","ping_status":"closed","sticky":false,"template":"","format":"standard","meta":{"_vp_format_video_url":"","_vp_image_focal_point":[]},"categories":[7],"tags":[15,16,30,25,17],"_links":{"self":[{"href":"https:\/\/museocaraffa.org.ar\/coleccion\/index.php\/wp-json\/wp\/v2\/posts\/10788"}],"collection":[{"href":"https:\/\/museocaraffa.org.ar\/coleccion\/index.php\/wp-json\/wp\/v2\/posts"}],"about":[{"href":"https:\/\/museocaraffa.org.ar\/coleccion\/index.php\/wp-json\/wp\/v2\/types\/post"}],"author":[{"embeddable":true,"href":"https:\/\/museocaraffa.org.ar\/coleccion\/index.php\/wp-json\/wp\/v2\/users\/1"}],"replies":[{"embeddable":true,"href":"https:\/\/museocaraffa.org.ar\/coleccion\/index.php\/wp-json\/wp\/v2\/comments?post=10788"}],"version-history":[{"count":2,"href":"https:\/\/museocaraffa.org.ar\/coleccion\/index.php\/wp-json\/wp\/v2\/posts\/10788\/revisions"}],"predecessor-version":[{"id":12950,"href":"https:\/\/museocaraffa.org.ar\/coleccion\/index.php\/wp-json\/wp\/v2\/posts\/10788\/revisions\/12950"}],"wp:attachment":[{"href":"https:\/\/museocaraffa.org.ar\/coleccion\/index.php\/wp-json\/wp\/v2\/media?parent=10788"}],"wp:term":[{"taxonomy":"category","embeddable":true,"href":"https:\/\/museocaraffa.org.ar\/coleccion\/index.php\/wp-json\/wp\/v2\/categories?post=10788"},{"taxonomy":"post_tag","embeddable":true,"href":"https:\/\/museocaraffa.org.ar\/coleccion\/index.php\/wp-json\/wp\/v2\/tags?post=10788"}],"curies":[{"name":"wp","href":"https:\/\/api.w.org\/{rel}","templated":true}]}}