{"id":10837,"date":"2022-04-19T15:48:09","date_gmt":"2022-04-19T18:48:09","guid":{"rendered":"https:\/\/museocaraffa.org.ar\/coleccion\/?p=10837"},"modified":"2022-04-19T15:48:23","modified_gmt":"2022-04-19T18:48:23","slug":"en-memoria-de-fernando-gatessi","status":"publish","type":"post","link":"https:\/\/museocaraffa.org.ar\/coleccion\/index.php\/2022\/04\/19\/en-memoria-de-fernando-gatessi\/","title":{"rendered":"En memoria de Fernando Gatessi"},"content":{"rendered":"\n<h5><strong><a href=\"https:\/\/museocaraffa.org.ar\/coleccion\/index.php\/2022\/04\/19\/bernardello-nini\/\" data-type=\"post\" data-id=\"10835\">Bernardello, Nin\u00ed<\/a><\/strong><\/h5>\n\n\n\n<figure class=\"wp-block-image size-full\"><img loading=\"lazy\" width=\"300\" height=\"400\" src=\"https:\/\/museocaraffa.org.ar\/coleccion\/wp-content\/uploads\/2022\/04\/Bernardello_En-memoria-de-Fernando-Gatessi_web.jpg\" alt=\"\" class=\"wp-image-10838\" srcset=\"https:\/\/museocaraffa.org.ar\/coleccion\/wp-content\/uploads\/2022\/04\/Bernardello_En-memoria-de-Fernando-Gatessi_web.jpg 300w, https:\/\/museocaraffa.org.ar\/coleccion\/wp-content\/uploads\/2022\/04\/Bernardello_En-memoria-de-Fernando-Gatessi_web-225x300.jpg 225w, https:\/\/museocaraffa.org.ar\/coleccion\/wp-content\/uploads\/2022\/04\/Bernardello_En-memoria-de-Fernando-Gatessi_web-150x200.jpg 150w\" sizes=\"(max-width: 300px) 100vw, 300px\" \/><\/figure>\n\n\n\n<p class=\"has-small-font-size\">A\u00f1o: 1979<br>T\u00e9cnica: T\u00e9cnica mixta sobre papel<br>Dimensiones: 63 x 56 cm<br>Dimensiones con marco\/base: 68 x 60,5 cm<br>N\u00ba inv.: 962<br>Ingreso: Donaci\u00f3n de la artista, 1988<\/p>\n\n\n<div style=\"font-size: 12px;\" class=\"taxonomy-post_tag wp-block-post-terms\"><a href=\"https:\/\/museocaraffa.org.ar\/coleccion\/index.php\/tag\/arte-argentino\/\" rel=\"tag\">arte argentino<\/a><span class=\"wp-block-post-terms__separator\">, <\/span><a href=\"https:\/\/museocaraffa.org.ar\/coleccion\/index.php\/tag\/arte-cordoba\/\" rel=\"tag\">arte c\u00f3rdoba<\/a><span class=\"wp-block-post-terms__separator\">, <\/span><a href=\"https:\/\/museocaraffa.org.ar\/coleccion\/index.php\/tag\/decada-1970\/\" rel=\"tag\">d\u00e9cada 1970<\/a><span class=\"wp-block-post-terms__separator\">, <\/span><a href=\"https:\/\/museocaraffa.org.ar\/coleccion\/index.php\/tag\/dibujo\/\" rel=\"tag\">dibujo<\/a><span class=\"wp-block-post-terms__separator\">, <\/span><a href=\"https:\/\/museocaraffa.org.ar\/coleccion\/index.php\/tag\/figura\/\" rel=\"tag\">figura<\/a><\/div>\n\n\n<p><a role=\"button\" href=\"https:\/\/museocaraffa.org.ar\/coleccion\/index.php\/artistas-a-z\/\"><\/a><\/p>\n","protected":false},"excerpt":{"rendered":"<p>Bernardello, Nin\u00ed. En memoria de Fernando Gatessi. 1979. T\u00e9cnica mixta sobre papel. 63 x 56 cm<\/p>\n","protected":false},"author":1,"featured_media":0,"comment_status":"closed","ping_status":"closed","sticky":false,"template":"","format":"standard","meta":{"_vp_format_video_url":"","_vp_image_focal_point":[]},"categories":[7],"tags":[15,16,38,20,25],"_links":{"self":[{"href":"https:\/\/museocaraffa.org.ar\/coleccion\/index.php\/wp-json\/wp\/v2\/posts\/10837"}],"collection":[{"href":"https:\/\/museocaraffa.org.ar\/coleccion\/index.php\/wp-json\/wp\/v2\/posts"}],"about":[{"href":"https:\/\/museocaraffa.org.ar\/coleccion\/index.php\/wp-json\/wp\/v2\/types\/post"}],"author":[{"embeddable":true,"href":"https:\/\/museocaraffa.org.ar\/coleccion\/index.php\/wp-json\/wp\/v2\/users\/1"}],"replies":[{"embeddable":true,"href":"https:\/\/museocaraffa.org.ar\/coleccion\/index.php\/wp-json\/wp\/v2\/comments?post=10837"}],"version-history":[{"count":1,"href":"https:\/\/museocaraffa.org.ar\/coleccion\/index.php\/wp-json\/wp\/v2\/posts\/10837\/revisions"}],"predecessor-version":[{"id":10839,"href":"https:\/\/museocaraffa.org.ar\/coleccion\/index.php\/wp-json\/wp\/v2\/posts\/10837\/revisions\/10839"}],"wp:attachment":[{"href":"https:\/\/museocaraffa.org.ar\/coleccion\/index.php\/wp-json\/wp\/v2\/media?parent=10837"}],"wp:term":[{"taxonomy":"category","embeddable":true,"href":"https:\/\/museocaraffa.org.ar\/coleccion\/index.php\/wp-json\/wp\/v2\/categories?post=10837"},{"taxonomy":"post_tag","embeddable":true,"href":"https:\/\/museocaraffa.org.ar\/coleccion\/index.php\/wp-json\/wp\/v2\/tags?post=10837"}],"curies":[{"name":"wp","href":"https:\/\/api.w.org\/{rel}","templated":true}]}}