{"id":10905,"date":"2022-04-22T16:49:35","date_gmt":"2022-04-22T19:49:35","guid":{"rendered":"https:\/\/museocaraffa.org.ar\/coleccion\/?p=10905"},"modified":"2024-02-19T10:57:57","modified_gmt":"2024-02-19T13:57:57","slug":"el-jardin","status":"publish","type":"post","link":"https:\/\/museocaraffa.org.ar\/coleccion\/index.php\/2022\/04\/22\/el-jardin\/","title":{"rendered":"El jard\u00edn"},"content":{"rendered":"\n<h5 id=\"butler-horacio\"><strong><a href=\"https:\/\/museocaraffa.org.ar\/coleccion\/index.php\/2021\/11\/12\/butler-horacio\/\" data-type=\"post\" data-id=\"7307\">Butler, Horacio<\/a><\/strong><\/h5>\n\n\n\n<figure class=\"wp-block-image size-full\"><img loading=\"lazy\" width=\"462\" height=\"350\" src=\"https:\/\/museocaraffa.org.ar\/coleccion\/wp-content\/uploads\/2024\/02\/Butler-H_El-jardin_web.jpg\" alt=\"\" class=\"wp-image-12969\" srcset=\"https:\/\/museocaraffa.org.ar\/coleccion\/wp-content\/uploads\/2024\/02\/Butler-H_El-jardin_web.jpg 462w, https:\/\/museocaraffa.org.ar\/coleccion\/wp-content\/uploads\/2024\/02\/Butler-H_El-jardin_web-300x227.jpg 300w\" sizes=\"(max-width: 462px) 100vw, 462px\" \/><\/figure>\n\n\n\n<p class=\"has-small-font-size\">A\u00f1o: 1947<br>T\u00e9cnica: \u00d3leo sobre tela<br>Dimensiones: 50,5 x 65 cm<br>Dimensiones con marco\/base:  65 x 80 cm<br>N\u00ba inv.: 812<br><br><\/p>\n\n\n<div style=\"font-size: 12px;\" class=\"taxonomy-post_tag wp-block-post-terms\"><a href=\"https:\/\/museocaraffa.org.ar\/coleccion\/index.php\/tag\/arte-argentino\/\" rel=\"tag\">arte argentino<\/a><span class=\"wp-block-post-terms__separator\">, <\/span><a href=\"https:\/\/museocaraffa.org.ar\/coleccion\/index.php\/tag\/decada-1940\/\" rel=\"tag\">d\u00e9cada 1940<\/a><span class=\"wp-block-post-terms__separator\">, <\/span><a href=\"https:\/\/museocaraffa.org.ar\/coleccion\/index.php\/tag\/escena\/\" rel=\"tag\">escena<\/a><span class=\"wp-block-post-terms__separator\">, <\/span><a href=\"https:\/\/museocaraffa.org.ar\/coleccion\/index.php\/tag\/paisaje\/\" rel=\"tag\">paisaje<\/a><span class=\"wp-block-post-terms__separator\">, <\/span><a href=\"https:\/\/museocaraffa.org.ar\/coleccion\/index.php\/tag\/pintura\/\" rel=\"tag\">pintura<\/a><\/div>\n\n\n<p><\/p>\n","protected":false},"excerpt":{"rendered":"<p>Butler, Horacio. El jard\u00edn. 1947. \u00d3leo sobre tela. 50,5 x 65 cm<\/p>\n","protected":false},"author":1,"featured_media":0,"comment_status":"closed","ping_status":"closed","sticky":false,"template":"","format":"standard","meta":{"_vp_format_video_url":"","_vp_image_focal_point":[]},"categories":[7],"tags":[15,40,27,24,17],"_links":{"self":[{"href":"https:\/\/museocaraffa.org.ar\/coleccion\/index.php\/wp-json\/wp\/v2\/posts\/10905"}],"collection":[{"href":"https:\/\/museocaraffa.org.ar\/coleccion\/index.php\/wp-json\/wp\/v2\/posts"}],"about":[{"href":"https:\/\/museocaraffa.org.ar\/coleccion\/index.php\/wp-json\/wp\/v2\/types\/post"}],"author":[{"embeddable":true,"href":"https:\/\/museocaraffa.org.ar\/coleccion\/index.php\/wp-json\/wp\/v2\/users\/1"}],"replies":[{"embeddable":true,"href":"https:\/\/museocaraffa.org.ar\/coleccion\/index.php\/wp-json\/wp\/v2\/comments?post=10905"}],"version-history":[{"count":2,"href":"https:\/\/museocaraffa.org.ar\/coleccion\/index.php\/wp-json\/wp\/v2\/posts\/10905\/revisions"}],"predecessor-version":[{"id":12971,"href":"https:\/\/museocaraffa.org.ar\/coleccion\/index.php\/wp-json\/wp\/v2\/posts\/10905\/revisions\/12971"}],"wp:attachment":[{"href":"https:\/\/museocaraffa.org.ar\/coleccion\/index.php\/wp-json\/wp\/v2\/media?parent=10905"}],"wp:term":[{"taxonomy":"category","embeddable":true,"href":"https:\/\/museocaraffa.org.ar\/coleccion\/index.php\/wp-json\/wp\/v2\/categories?post=10905"},{"taxonomy":"post_tag","embeddable":true,"href":"https:\/\/museocaraffa.org.ar\/coleccion\/index.php\/wp-json\/wp\/v2\/tags?post=10905"}],"curies":[{"name":"wp","href":"https:\/\/api.w.org\/{rel}","templated":true}]}}