{"id":11151,"date":"2022-05-19T15:48:00","date_gmt":"2022-05-19T18:48:00","guid":{"rendered":"https:\/\/museocaraffa.org.ar\/coleccion\/?p=11151"},"modified":"2024-03-21T14:07:16","modified_gmt":"2024-03-21T17:07:16","slug":"ilustracion-para-el-cantar-de-los-cantares-cap-iii","status":"publish","type":"post","link":"https:\/\/museocaraffa.org.ar\/coleccion\/index.php\/2022\/05\/19\/ilustracion-para-el-cantar-de-los-cantares-cap-iii\/","title":{"rendered":"Ilustraci\u00f3n para el Cantar de los cantares, cap. III"},"content":{"rendered":"\n<h5><strong><a href=\"https:\/\/museocaraffa.org.ar\/coleccion\/index.php\/2022\/05\/19\/bustos-vocos-laura\/\" data-type=\"post\" data-id=\"11149\">Bustos Vocos, Laura<\/a><\/strong><\/h5>\n\n\n\n<figure class=\"wp-block-image size-full\"><img loading=\"lazy\" width=\"276\" height=\"400\" src=\"https:\/\/museocaraffa.org.ar\/coleccion\/wp-content\/uploads\/2024\/03\/Bustos-Vocos_Ilustracion_web.jpg\" alt=\"\" class=\"wp-image-13399\" srcset=\"https:\/\/museocaraffa.org.ar\/coleccion\/wp-content\/uploads\/2024\/03\/Bustos-Vocos_Ilustracion_web.jpg 276w, https:\/\/museocaraffa.org.ar\/coleccion\/wp-content\/uploads\/2024\/03\/Bustos-Vocos_Ilustracion_web-207x300.jpg 207w\" sizes=\"(max-width: 276px) 100vw, 276px\" \/><\/figure>\n\n\n\n<p style=\"font-size:12px\"><\/p>\n\n\n\n<p class=\"has-small-font-size\">A\u00f1o: 1947<br>T\u00e9cnica: Xilograf\u00eda<br>Dimensiones: 16,7 x 11,5 cm<br>Dimensiones con marco\/base: 56 x 46 cm<br>N\u00ba inv.: 35<br>Ingreso: Compra, 1947, en el marco del Sal\u00f3n de C\u00f3rdoba, Museo Provincial de Bellas Artes (Museo Caraffa), 1947<br><br><\/p>\n\n\n<div style=\"font-size: 12px;\" class=\"taxonomy-post_tag wp-block-post-terms\"><a href=\"https:\/\/museocaraffa.org.ar\/coleccion\/index.php\/tag\/arte-argentino\/\" rel=\"tag\">arte argentino<\/a><span class=\"wp-block-post-terms__separator\">, <\/span><a href=\"https:\/\/museocaraffa.org.ar\/coleccion\/index.php\/tag\/arte-cordoba\/\" rel=\"tag\">arte c\u00f3rdoba<\/a><span class=\"wp-block-post-terms__separator\">, <\/span><a href=\"https:\/\/museocaraffa.org.ar\/coleccion\/index.php\/tag\/decada-1940\/\" rel=\"tag\">d\u00e9cada 1940<\/a><span class=\"wp-block-post-terms__separator\">, <\/span><a href=\"https:\/\/museocaraffa.org.ar\/coleccion\/index.php\/tag\/escena\/\" rel=\"tag\">escena<\/a><span class=\"wp-block-post-terms__separator\">, <\/span><a href=\"https:\/\/museocaraffa.org.ar\/coleccion\/index.php\/tag\/escena-religiosa\/\" rel=\"tag\">escena religiosa<\/a><span class=\"wp-block-post-terms__separator\">, <\/span><a href=\"https:\/\/museocaraffa.org.ar\/coleccion\/index.php\/tag\/figura\/\" rel=\"tag\">figura<\/a><span class=\"wp-block-post-terms__separator\">, <\/span><a href=\"https:\/\/museocaraffa.org.ar\/coleccion\/index.php\/tag\/grabado\/\" rel=\"tag\">grabado<\/a><\/div>\n\n\n<p><a role=\"button\" href=\"https:\/\/museocaraffa.org.ar\/coleccion\/index.php\/artistas-a-z\/\"><\/a><\/p>\n","protected":false},"excerpt":{"rendered":"<p>Bustos Vocos, Laura. Ilustraci\u00f3n para el Cantar de los cantares, cap. III. 1947. Xilograf\u00eda. 16,7 x 11,5 cm<\/p>\n","protected":false},"author":1,"featured_media":0,"comment_status":"closed","ping_status":"closed","sticky":false,"template":"","format":"standard","meta":{"_vp_format_video_url":"","_vp_image_focal_point":[]},"categories":[7],"tags":[15,16,40,27,62,25,19],"_links":{"self":[{"href":"https:\/\/museocaraffa.org.ar\/coleccion\/index.php\/wp-json\/wp\/v2\/posts\/11151"}],"collection":[{"href":"https:\/\/museocaraffa.org.ar\/coleccion\/index.php\/wp-json\/wp\/v2\/posts"}],"about":[{"href":"https:\/\/museocaraffa.org.ar\/coleccion\/index.php\/wp-json\/wp\/v2\/types\/post"}],"author":[{"embeddable":true,"href":"https:\/\/museocaraffa.org.ar\/coleccion\/index.php\/wp-json\/wp\/v2\/users\/1"}],"replies":[{"embeddable":true,"href":"https:\/\/museocaraffa.org.ar\/coleccion\/index.php\/wp-json\/wp\/v2\/comments?post=11151"}],"version-history":[{"count":3,"href":"https:\/\/museocaraffa.org.ar\/coleccion\/index.php\/wp-json\/wp\/v2\/posts\/11151\/revisions"}],"predecessor-version":[{"id":13400,"href":"https:\/\/museocaraffa.org.ar\/coleccion\/index.php\/wp-json\/wp\/v2\/posts\/11151\/revisions\/13400"}],"wp:attachment":[{"href":"https:\/\/museocaraffa.org.ar\/coleccion\/index.php\/wp-json\/wp\/v2\/media?parent=11151"}],"wp:term":[{"taxonomy":"category","embeddable":true,"href":"https:\/\/museocaraffa.org.ar\/coleccion\/index.php\/wp-json\/wp\/v2\/categories?post=11151"},{"taxonomy":"post_tag","embeddable":true,"href":"https:\/\/museocaraffa.org.ar\/coleccion\/index.php\/wp-json\/wp\/v2\/tags?post=11151"}],"curies":[{"name":"wp","href":"https:\/\/api.w.org\/{rel}","templated":true}]}}