{"id":12108,"date":"2023-05-03T16:33:54","date_gmt":"2023-05-03T19:33:54","guid":{"rendered":"https:\/\/museocaraffa.org.ar\/coleccion\/?p=12108"},"modified":"2023-05-03T16:33:54","modified_gmt":"2023-05-03T19:33:54","slug":"paisaje-en-nivi","status":"publish","type":"post","link":"https:\/\/museocaraffa.org.ar\/coleccion\/index.php\/2023\/05\/03\/paisaje-en-nivi\/","title":{"rendered":"Paisaje en Nivi"},"content":{"rendered":"\n<h5><strong><a href=\"https:\/\/museocaraffa.org.ar\/coleccion\/index.php\/2023\/05\/03\/hertel-albert\/\" data-type=\"post\" data-id=\"12106\">Hertel, Albert<\/a><\/strong><\/h5>\n\n\n\n<figure class=\"wp-block-image size-full\"><img loading=\"lazy\" width=\"308\" height=\"400\" src=\"https:\/\/museocaraffa.org.ar\/coleccion\/wp-content\/uploads\/2023\/05\/Hertel_Paisaje-en-Nivi_web-1.jpg\" alt=\"\" class=\"wp-image-12110\" srcset=\"https:\/\/museocaraffa.org.ar\/coleccion\/wp-content\/uploads\/2023\/05\/Hertel_Paisaje-en-Nivi_web-1.jpg 308w, https:\/\/museocaraffa.org.ar\/coleccion\/wp-content\/uploads\/2023\/05\/Hertel_Paisaje-en-Nivi_web-1-231x300.jpg 231w, https:\/\/museocaraffa.org.ar\/coleccion\/wp-content\/uploads\/2023\/05\/Hertel_Paisaje-en-Nivi_web-1-300x390.jpg 300w\" sizes=\"(max-width: 308px) 100vw, 308px\" \/><\/figure>\n\n\n\n<p class=\"has-small-font-size\">A\u00f1o: 1873<br>T\u00e9cnica: \u00d3leo sobre madera<br>Dimensiones: 26,5 x 20,5 cm<br>Dimensiones con marco\/base: 61,5 x 51,5 cm<br>N\u00ba inv.: 118<br><br><br><\/p>\n\n\n<div style=\"font-size: 12px;\" class=\"taxonomy-post_tag wp-block-post-terms\"><a href=\"https:\/\/museocaraffa.org.ar\/coleccion\/index.php\/tag\/arte-europeo\/\" rel=\"tag\">arte europeo<\/a><span class=\"wp-block-post-terms__separator\">, <\/span><a href=\"https:\/\/museocaraffa.org.ar\/coleccion\/index.php\/tag\/decada-1870\/\" rel=\"tag\">d\u00e9cada 1870<\/a><span class=\"wp-block-post-terms__separator\">, <\/span><a href=\"https:\/\/museocaraffa.org.ar\/coleccion\/index.php\/tag\/paisaje\/\" rel=\"tag\">paisaje<\/a><span class=\"wp-block-post-terms__separator\">, <\/span><a href=\"https:\/\/museocaraffa.org.ar\/coleccion\/index.php\/tag\/pintura\/\" rel=\"tag\">pintura<\/a><\/div>\n\n\n<p><a role=\"button\" href=\"https:\/\/museocaraffa.org.ar\/coleccion\/index.php\/artistas-a-z\/\"><\/a><\/p>\n","protected":false},"excerpt":{"rendered":"<p>Hertel, Albert. Paisaje en Nivi. 1873. \u00d3leo sobre madera. 26,5 x 20,5 cm<\/p>\n","protected":false},"author":1,"featured_media":0,"comment_status":"closed","ping_status":"closed","sticky":false,"template":"","format":"standard","meta":{"_vp_format_video_url":"","_vp_image_focal_point":[]},"categories":[7],"tags":[43,48,24,17],"_links":{"self":[{"href":"https:\/\/museocaraffa.org.ar\/coleccion\/index.php\/wp-json\/wp\/v2\/posts\/12108"}],"collection":[{"href":"https:\/\/museocaraffa.org.ar\/coleccion\/index.php\/wp-json\/wp\/v2\/posts"}],"about":[{"href":"https:\/\/museocaraffa.org.ar\/coleccion\/index.php\/wp-json\/wp\/v2\/types\/post"}],"author":[{"embeddable":true,"href":"https:\/\/museocaraffa.org.ar\/coleccion\/index.php\/wp-json\/wp\/v2\/users\/1"}],"replies":[{"embeddable":true,"href":"https:\/\/museocaraffa.org.ar\/coleccion\/index.php\/wp-json\/wp\/v2\/comments?post=12108"}],"version-history":[{"count":1,"href":"https:\/\/museocaraffa.org.ar\/coleccion\/index.php\/wp-json\/wp\/v2\/posts\/12108\/revisions"}],"predecessor-version":[{"id":12111,"href":"https:\/\/museocaraffa.org.ar\/coleccion\/index.php\/wp-json\/wp\/v2\/posts\/12108\/revisions\/12111"}],"wp:attachment":[{"href":"https:\/\/museocaraffa.org.ar\/coleccion\/index.php\/wp-json\/wp\/v2\/media?parent=12108"}],"wp:term":[{"taxonomy":"category","embeddable":true,"href":"https:\/\/museocaraffa.org.ar\/coleccion\/index.php\/wp-json\/wp\/v2\/categories?post=12108"},{"taxonomy":"post_tag","embeddable":true,"href":"https:\/\/museocaraffa.org.ar\/coleccion\/index.php\/wp-json\/wp\/v2\/tags?post=12108"}],"curies":[{"name":"wp","href":"https:\/\/api.w.org\/{rel}","templated":true}]}}