{"id":12592,"date":"2023-07-27T15:47:32","date_gmt":"2023-07-27T18:47:32","guid":{"rendered":"https:\/\/museocaraffa.org.ar\/coleccion\/?p=12592"},"modified":"2023-07-27T15:52:10","modified_gmt":"2023-07-27T18:52:10","slug":"luque-maria-amelia","status":"publish","type":"post","link":"https:\/\/museocaraffa.org.ar\/coleccion\/index.php\/2023\/07\/27\/luque-maria-amelia\/","title":{"rendered":"Luque, Mar\u00eda Amelia"},"content":{"rendered":"\n<p class=\"has-small-font-size\"><strong>(R\u00edo Cuarto, C\u00f3rdoba, 1944)<\/strong><br><\/p>\n\n\n\n<hr class=\"wp-block-separator\"\/>\n\n\n\n<h6 id=\"obras\"><strong><span class=\"has-inline-color has-cyan-bluish-gray-color\">Obras<\/span><\/strong><\/h6>\n\n\n\n<p class=\"has-small-font-size\"><em><a href=\"https:\/\/museocaraffa.org.ar\/coleccion\/index.php\/2023\/07\/27\/casa-tomada-ii\/\" data-type=\"post\" data-id=\"12594\">Casa tomada II<\/a><\/em><br><br><br><br><br><br><br><a href=\"https:\/\/museocaraffa.org.ar\/coleccion\/index.php\/2022\/02\/10\/figura-9\/\" data-type=\"post\" data-id=\"10098\"><em><br><\/em><br><\/a><\/p>\n","protected":false},"excerpt":{"rendered":"<p>Luque, Mar\u00eda Amelia (R\u00edo Cuarto, C\u00f3rdoba, 1944)<\/p>\n","protected":false},"author":1,"featured_media":0,"comment_status":"closed","ping_status":"closed","sticky":false,"template":"","format":"standard","meta":{"_vp_format_video_url":"","_vp_image_focal_point":[]},"categories":[6],"tags":[],"_links":{"self":[{"href":"https:\/\/museocaraffa.org.ar\/coleccion\/index.php\/wp-json\/wp\/v2\/posts\/12592"}],"collection":[{"href":"https:\/\/museocaraffa.org.ar\/coleccion\/index.php\/wp-json\/wp\/v2\/posts"}],"about":[{"href":"https:\/\/museocaraffa.org.ar\/coleccion\/index.php\/wp-json\/wp\/v2\/types\/post"}],"author":[{"embeddable":true,"href":"https:\/\/museocaraffa.org.ar\/coleccion\/index.php\/wp-json\/wp\/v2\/users\/1"}],"replies":[{"embeddable":true,"href":"https:\/\/museocaraffa.org.ar\/coleccion\/index.php\/wp-json\/wp\/v2\/comments?post=12592"}],"version-history":[{"count":2,"href":"https:\/\/museocaraffa.org.ar\/coleccion\/index.php\/wp-json\/wp\/v2\/posts\/12592\/revisions"}],"predecessor-version":[{"id":12597,"href":"https:\/\/museocaraffa.org.ar\/coleccion\/index.php\/wp-json\/wp\/v2\/posts\/12592\/revisions\/12597"}],"wp:attachment":[{"href":"https:\/\/museocaraffa.org.ar\/coleccion\/index.php\/wp-json\/wp\/v2\/media?parent=12592"}],"wp:term":[{"taxonomy":"category","embeddable":true,"href":"https:\/\/museocaraffa.org.ar\/coleccion\/index.php\/wp-json\/wp\/v2\/categories?post=12592"},{"taxonomy":"post_tag","embeddable":true,"href":"https:\/\/museocaraffa.org.ar\/coleccion\/index.php\/wp-json\/wp\/v2\/tags?post=12592"}],"curies":[{"name":"wp","href":"https:\/\/api.w.org\/{rel}","templated":true}]}}