{"id":6985,"date":"2021-11-04T18:09:16","date_gmt":"2021-11-04T21:09:16","guid":{"rendered":"https:\/\/museocaraffa.org.ar\/coleccion\/?p=6985"},"modified":"2021-11-12T19:20:49","modified_gmt":"2021-11-12T22:20:49","slug":"desenzano","status":"publish","type":"post","link":"https:\/\/museocaraffa.org.ar\/coleccion\/index.php\/2021\/11\/04\/desenzano\/","title":{"rendered":"Desenzano"},"content":{"rendered":"\n<h5><strong><a href=\"https:\/\/museocaraffa.org.ar\/coleccion\/index.php\/2021\/11\/04\/badi-aquiles\/\" data-type=\"post\" data-id=\"6960\">Badi, Aquiles<\/a><\/strong><\/h5>\n\n\n\n<figure class=\"wp-block-image size-full\"><img loading=\"lazy\" width=\"467\" height=\"350\" src=\"https:\/\/museocaraffa.org.ar\/coleccion\/wp-content\/uploads\/2021\/11\/Badi_Decenzano_web.jpg\" alt=\"\" class=\"wp-image-6986\" srcset=\"https:\/\/museocaraffa.org.ar\/coleccion\/wp-content\/uploads\/2021\/11\/Badi_Decenzano_web.jpg 467w, https:\/\/museocaraffa.org.ar\/coleccion\/wp-content\/uploads\/2021\/11\/Badi_Decenzano_web-300x225.jpg 300w, https:\/\/museocaraffa.org.ar\/coleccion\/wp-content\/uploads\/2021\/11\/Badi_Decenzano_web-400x300.jpg 400w, https:\/\/museocaraffa.org.ar\/coleccion\/wp-content\/uploads\/2021\/11\/Badi_Decenzano_web-200x150.jpg 200w\" sizes=\"(max-width: 467px) 100vw, 467px\" \/><\/figure>\n\n\n\n<p class=\"has-small-font-size\">A\u00f1o: 1932<br>T\u00e9cnica: \u00d3leo sobre tela<br>Dimensiones: 60 x 80,5 cm<br>Dimensiones con marco\/base: 84 x 103,5 cm<br>N\u00ba inv.: 123<br>Ingreso: Adquirida en el marco del III Sal\u00f3n de Bellas Artes, C\u00f3rdoba,1935.<\/p>\n\n\n<div style=\"font-size: 12px;\" class=\"taxonomy-post_tag wp-block-post-terms\"><a href=\"https:\/\/museocaraffa.org.ar\/coleccion\/index.php\/tag\/arte-argentino\/\" rel=\"tag\">arte argentino<\/a><span class=\"wp-block-post-terms__separator\">, <\/span><a href=\"https:\/\/museocaraffa.org.ar\/coleccion\/index.php\/tag\/decada-1930\/\" rel=\"tag\">d\u00e9cada 1930<\/a><span class=\"wp-block-post-terms__separator\">, <\/span><a href=\"https:\/\/museocaraffa.org.ar\/coleccion\/index.php\/tag\/paisaje\/\" rel=\"tag\">paisaje<\/a><span class=\"wp-block-post-terms__separator\">, <\/span><a href=\"https:\/\/museocaraffa.org.ar\/coleccion\/index.php\/tag\/pintura\/\" rel=\"tag\">pintura<\/a><\/div>\n\n\n<p><\/p>\n","protected":false},"excerpt":{"rendered":"<p>Badi, Aquiles. Desenzano. 1932. \u00d3leo sobre tela. 60 x 80,5 cm<\/p>\n","protected":false},"author":1,"featured_media":0,"comment_status":"closed","ping_status":"closed","sticky":false,"template":"","format":"standard","meta":{"_vp_format_video_url":"","_vp_image_focal_point":[]},"categories":[7],"tags":[15,35,24,17],"_links":{"self":[{"href":"https:\/\/museocaraffa.org.ar\/coleccion\/index.php\/wp-json\/wp\/v2\/posts\/6985"}],"collection":[{"href":"https:\/\/museocaraffa.org.ar\/coleccion\/index.php\/wp-json\/wp\/v2\/posts"}],"about":[{"href":"https:\/\/museocaraffa.org.ar\/coleccion\/index.php\/wp-json\/wp\/v2\/types\/post"}],"author":[{"embeddable":true,"href":"https:\/\/museocaraffa.org.ar\/coleccion\/index.php\/wp-json\/wp\/v2\/users\/1"}],"replies":[{"embeddable":true,"href":"https:\/\/museocaraffa.org.ar\/coleccion\/index.php\/wp-json\/wp\/v2\/comments?post=6985"}],"version-history":[{"count":3,"href":"https:\/\/museocaraffa.org.ar\/coleccion\/index.php\/wp-json\/wp\/v2\/posts\/6985\/revisions"}],"predecessor-version":[{"id":7453,"href":"https:\/\/museocaraffa.org.ar\/coleccion\/index.php\/wp-json\/wp\/v2\/posts\/6985\/revisions\/7453"}],"wp:attachment":[{"href":"https:\/\/museocaraffa.org.ar\/coleccion\/index.php\/wp-json\/wp\/v2\/media?parent=6985"}],"wp:term":[{"taxonomy":"category","embeddable":true,"href":"https:\/\/museocaraffa.org.ar\/coleccion\/index.php\/wp-json\/wp\/v2\/categories?post=6985"},{"taxonomy":"post_tag","embeddable":true,"href":"https:\/\/museocaraffa.org.ar\/coleccion\/index.php\/wp-json\/wp\/v2\/tags?post=6985"}],"curies":[{"name":"wp","href":"https:\/\/api.w.org\/{rel}","templated":true}]}}