{"id":7188,"date":"2021-11-09T15:17:25","date_gmt":"2021-11-09T18:17:25","guid":{"rendered":"https:\/\/museocaraffa.org.ar\/coleccion\/?p=7188"},"modified":"2024-07-04T12:07:17","modified_gmt":"2024-07-04T15:07:17","slug":"bigatti-alfredo","status":"publish","type":"post","link":"https:\/\/museocaraffa.org.ar\/coleccion\/index.php\/2021\/11\/09\/bigatti-alfredo\/","title":{"rendered":"Bigatti, Alfredo"},"content":{"rendered":"\n<p class=\"has-small-font-size\"><strong>(Buenos Aires, 1898 &#8211; 1964)<\/strong><br>Perteneciente a una familia de orfebres, realiz\u00f3 sus primeros estudios de dibujo y modelado en Unione e Benevolenza, en la Academia \u00abSalvator Rosa\u00bb de Tob\u00edas Palese y en la Sociedad Est\u00edmulo de Bellas Artes de Buenos Aires. En 1915 ingres\u00f3 a la Academia Nacional de Bellas Artes, donde&nbsp; comparti\u00f3 sus clases con <a href=\"https:\/\/museocaraffa.org.ar\/coleccion\/index.php\/2021\/11\/04\/badi-aquiles\/\" data-type=\"post\" data-id=\"6960\">Aquiles Badi<\/a>, <a href=\"https:\/\/museocaraffa.org.ar\/coleccion\/index.php\/2021\/11\/12\/butler-horacio\/\" data-type=\"post\" data-id=\"7307\">Horacio Butler<\/a>, <a href=\"https:\/\/museocaraffa.org.ar\/coleccion\/index.php\/2022\/02\/08\/spilimbergo-lino-enea\/\" data-type=\"post\" data-id=\"9961\">Lino Spilimbergo<\/a>, <a href=\"https:\/\/museocaraffa.org.ar\/coleccion\/index.php\/2021\/11\/06\/basaldua-hector\/\" data-type=\"post\" data-id=\"7051\">H\u00e9ctor Basald\u00faa<\/a>, y <a href=\"https:\/\/museocaraffa.org.ar\/coleccion\/index.php\/2021\/11\/22\/dominguez-neira-pedro\/\" data-type=\"post\" data-id=\"7881\">Pedro Dom\u00ednguez Neira<\/a>. Egres\u00f3 con el t\u00edtulo de Profesor de Dibujo (1918). En 1923 emprendi\u00f3 su primer viaje a Europa. En Par\u00eds estudi\u00f3 con Bourdelle en \u00abLa Grande Chaumi\u00e8re\u00bb y se aproxim\u00f3 a la obra de artistas como Maillol y Despiau. A su regreso a la Argentina (1924), se acerc\u00f3 al grupo de <em>Mart\u00edn Fierro<\/em>. Por esos a\u00f1os conoci\u00f3 a Raquel Forner, con quien contrajo matrimonio en 1936.<br>Desde 1928 se desempe\u00f1\u00f3 como profesor de dibujo en la Escuela Industrial de la Naci\u00f3n y en la Escuela Nacional de Bellas Artes. Al a\u00f1o siguiente realiz\u00f3 un nuevo viaje por Europa, durante el cual visit\u00f3 Francia, Italia, Grecia, Espa\u00f1a, B\u00e9lgica, Holanda e Inglaterra. Tras su regreso a Argentina, junto a <a href=\"https:\/\/museocaraffa.org.ar\/coleccion\/index.php\/2021\/11\/30\/forner-raquel\/\" data-type=\"post\" data-id=\"8190\">Raquel Forner<\/a>, <a href=\"https:\/\/museocaraffa.org.ar\/coleccion\/index.php\/2021\/12\/17\/guttero-alfredo\/\" data-type=\"post\" data-id=\"8475\">Alfredo Guttero<\/a> y <a href=\"https:\/\/museocaraffa.org.ar\/coleccion\/index.php\/2021\/11\/22\/dominguez-neira-pedro\/\" data-type=\"post\" data-id=\"7881\">Pedro Dom\u00ednguez Neira<\/a>, fund\u00f3 los \u00abCursos Libres de Arte Pl\u00e1stico\u00bb en un taller del Pasaje Barolo, donde ense\u00f1\u00f3 dibujo y escultura.<br>Su obra se orienta en dos direcciones: la peque\u00f1a escala y el gran volumen escult\u00f3rico. Se mantiene apegada en un principio (a\u00fan evidenciando cierta ruptura respecto de los c\u00e1nones acad\u00e9micos), a una figuraci\u00f3n realista&nbsp; que progresivamente va dejando lugar a formas m\u00e1s libres, en las que los criterios est\u00e9ticos comienzan a prevalecer sobre la intenci\u00f3n mim\u00e9tica. <br>Entre sus obras de gran escala se destacan el Monumento a Mitre (La Plata, 1936-1940); el Monumento a Julio A. Roca y la conquista del desierto (Choele-Choel, R\u00edo Negro, iniciado en 1940-); y el Monumento a la Bandera, que realiz\u00f3 junto al escultor Jos\u00e9 Fioravanti y los arquitectos Alejandro Bustillo y \u00c1ngel Guido (Rosario, 1942-1952). Incursion\u00f3 tambi\u00e9n en la escenograf\u00eda: realiz\u00f3 dise\u00f1os (escenograf\u00eda y bocetos de vestuario) para la \u00f3pera <em>La M\u00e9dium<\/em> de Juan Carlos Menotti, estrenada en el Teatro Col\u00f3n en 1956.<br>Fue designado Vicepresidente de la Sociedad Argentina de Artistas Pl\u00e1sticos (1936) y Presidente de la Sociedad Argentina de Artistas Pl\u00e1sticos (1941). En 1963 un nuevo viaje por Europa lo llev\u00f3 a recorrer ciudades de Italia, Francia, B\u00e9lgica, Holanda y Alemania, junto a <a href=\"https:\/\/museocaraffa.org.ar\/coleccion\/index.php\/2021\/11\/30\/forner-raquel\/\" data-type=\"post\" data-id=\"8190\">Raquel Forner<\/a>.<br>Su trabajo fue reconocido en diversas oportunidades. Entre los premios obtenidos en la disciplina Escultura se destacan: Tercer Premio (1920), Segundo Premio (1922); Primer Premio (1926) y Gran Premio Adquisici\u00f3n (1935) en el Sal\u00f3n Nacional de Bellas Artes; Gran Premio Municipal, XV Sal\u00f3n de Rosario (1929); Gran Premio, Exposici\u00f3n Internacional de Par\u00eds (1937). Obtuvo tambi\u00e9n la Medalla de Oro al Grabado, en la Exposici\u00f3n Internacional de Bruselas (1958).<\/p>\n\n\n\n<hr class=\"wp-block-separator\"\/>\n\n\n\n<h6><strong><span class=\"has-inline-color has-cyan-bluish-gray-color\">Obras<\/span><\/strong><\/h6>\n\n\n\n<p class=\"has-small-font-size\"><em><a href=\"https:\/\/museocaraffa.org.ar\/coleccion\/index.php\/2021\/11\/09\/concertone\/\" data-type=\"post\" data-id=\"7195\">Concertone<\/a><br><a href=\"https:\/\/museocaraffa.org.ar\/coleccion\/index.php\/2024\/07\/04\/descendimiento-2\/\" data-type=\"post\" data-id=\"13875\">Descendimiento<\/a><br><a href=\"https:\/\/museocaraffa.org.ar\/coleccion\/index.php\/2021\/11\/09\/raquel-forner\/\" data-type=\"post\" data-id=\"7190\">Raquel Forner<\/a><\/em><br><br><br><\/p>\n","protected":false},"excerpt":{"rendered":"<p>Bigatti, Alfredo (Buenos Aires, 1898 &#8211; 1964)<\/p>\n","protected":false},"author":1,"featured_media":0,"comment_status":"closed","ping_status":"closed","sticky":false,"template":"","format":"standard","meta":{"_vp_format_video_url":"","_vp_image_focal_point":[]},"categories":[6],"tags":[15],"_links":{"self":[{"href":"https:\/\/museocaraffa.org.ar\/coleccion\/index.php\/wp-json\/wp\/v2\/posts\/7188"}],"collection":[{"href":"https:\/\/museocaraffa.org.ar\/coleccion\/index.php\/wp-json\/wp\/v2\/posts"}],"about":[{"href":"https:\/\/museocaraffa.org.ar\/coleccion\/index.php\/wp-json\/wp\/v2\/types\/post"}],"author":[{"embeddable":true,"href":"https:\/\/museocaraffa.org.ar\/coleccion\/index.php\/wp-json\/wp\/v2\/users\/1"}],"replies":[{"embeddable":true,"href":"https:\/\/museocaraffa.org.ar\/coleccion\/index.php\/wp-json\/wp\/v2\/comments?post=7188"}],"version-history":[{"count":7,"href":"https:\/\/museocaraffa.org.ar\/coleccion\/index.php\/wp-json\/wp\/v2\/posts\/7188\/revisions"}],"predecessor-version":[{"id":13878,"href":"https:\/\/museocaraffa.org.ar\/coleccion\/index.php\/wp-json\/wp\/v2\/posts\/7188\/revisions\/13878"}],"wp:attachment":[{"href":"https:\/\/museocaraffa.org.ar\/coleccion\/index.php\/wp-json\/wp\/v2\/media?parent=7188"}],"wp:term":[{"taxonomy":"category","embeddable":true,"href":"https:\/\/museocaraffa.org.ar\/coleccion\/index.php\/wp-json\/wp\/v2\/categories?post=7188"},{"taxonomy":"post_tag","embeddable":true,"href":"https:\/\/museocaraffa.org.ar\/coleccion\/index.php\/wp-json\/wp\/v2\/tags?post=7188"}],"curies":[{"name":"wp","href":"https:\/\/api.w.org\/{rel}","templated":true}]}}