{"id":7358,"date":"2021-11-12T14:15:42","date_gmt":"2021-11-12T17:15:42","guid":{"rendered":"https:\/\/museocaraffa.org.ar\/coleccion\/?p=7358"},"modified":"2022-06-09T17:29:58","modified_gmt":"2022-06-09T20:29:58","slug":"cangiano-josefina","status":"publish","type":"post","link":"https:\/\/museocaraffa.org.ar\/coleccion\/index.php\/2021\/11\/12\/cangiano-josefina\/","title":{"rendered":"Cangiano, Josefina"},"content":{"rendered":"\n<p class=\"has-small-font-size\"><strong>(R\u00edo Cuarto, C\u00f3rdoba, 1918 &#8211; C\u00f3rdoba, 2003)<\/strong><br>Curs\u00f3 en la Academia Provincial de Bellas Artes, de la que egres\u00f3 con el t\u00edtulo de Profesora en Dibujo y Pintura en el a\u00f1o 1938. Tuvo entre sus&nbsp; maestros a <a href=\"https:\/\/museocaraffa.org.ar\/coleccion\/index.php\/2022\/02\/14\/vidal-francisco\/\" data-type=\"post\" data-id=\"10295\">Francisco Vidal<\/a>, <a href=\"https:\/\/museocaraffa.org.ar\/coleccion\/index.php\/2021\/11\/12\/camilloni-carlos\/\" data-type=\"post\" data-id=\"7336\">Carlos Camilloni<\/a>, <a href=\"https:\/\/museocaraffa.org.ar\/coleccion\/index.php\/2022\/01\/09\/pedone-antonio\/\" data-type=\"post\" data-id=\"9199\">Antonio Pedone<\/a> y <a href=\"https:\/\/museocaraffa.org.ar\/coleccion\/index.php\/2021\/11\/20\/de-san-luis-nicolas-antonio-nicolas-russo\/\" data-type=\"post\" data-id=\"7823\">Nicol\u00e1s Antonio de San Luis<\/a>. Hacia 1945 realiz\u00f3 un viaje de estudios por el Norte Argentino.<br>Su trabajo incluye la pintura, el grabado y el dibujo, aunque se destac\u00f3 especialmente en esta \u00faltima disciplina. Desprendi\u00e9ndose gradualmente de ciertos patrones acad\u00e9micos, fue evolucionando hacia formas figurativas sint\u00e9ticas, de marcado corte expresionista. Sus im\u00e1genes, que oscilan entre abigarradas composiciones y planteos m\u00e1s despojados, proponen una reflexi\u00f3n sobre las angustias y pesares humanos, evocando en muchos casos sentimientos de religiosidad.<br>Desde fines de los &#8217;40 realiz\u00f3 una serie de muestras individuales, en C\u00f3rdoba principalmente, con algunas presentaciones en Buenos Aires y otras ciudades.<br>Se desempe\u00f1\u00f3 como docente de Dibujo en el Colegio Nacional Dean Funes y en el Liceo de Se\u00f1oritas.<br>Concurri\u00f3 a salones municipales, provinciales y nacionales, incluido el Sal\u00f3n IKA realizado en C\u00f3rdoba en 1965. Mereci\u00f3 una serie de reconocimientos por su labor como dibujante y grabadora. En el Sal\u00f3n Municipal de Pintura y Escultura de C\u00f3rdoba (1945), obtuvo la Medalla de Oro, secci\u00f3n Grabado, por <em>Tormento<\/em>; en el Sal\u00f3n de Arte de Mar del Plata, Premio Est\u00edmulo por <em>Infierno<\/em> (1949) y en el Sal\u00f3n de Artes Pl\u00e1sticas de C\u00f3rdoba recibe el Primer Premio de la secci\u00f3n Dibujo por <em><a href=\"https:\/\/museocaraffa.org.ar\/coleccion\/index.php\/2021\/11\/12\/el-crucificado\/\" data-type=\"post\" data-id=\"7360\">El Crucificado<\/a> <\/em>(1958), Medalla de Oro al conjunto integrado por <em>Maternidad<\/em> y <em>Figura<\/em> (1960) y Gran Premio de Honor por <em>El hombre y su cruz<\/em> (1966). En este mismo sal\u00f3n particip\u00f3 como invitada de honor en el a\u00f1o 1964.<br>Su producci\u00f3n permite situarla, junto a la escultora <a href=\"https:\/\/museocaraffa.org.ar\/coleccion\/index.php\/2021\/11\/29\/ferrer-serrano-clara\/\" data-type=\"post\" data-id=\"8141\">Clara Ferrer Serrano<\/a>, como una de las mujeres artistas destacadas durante esa d\u00e9cada y la siguiente en la escena cordobesa.<\/p>\n\n\n\n<hr class=\"wp-block-separator\"\/>\n\n\n\n<h6 id=\"obras\"><strong><span class=\"has-inline-color has-cyan-bluish-gray-color\">Obras<\/span><\/strong><\/h6>\n\n\n\n<p class=\"has-small-font-size\"><em><a href=\"https:\/\/museocaraffa.org.ar\/coleccion\/index.php\/2022\/06\/09\/descendimiento\/\" data-type=\"post\" data-id=\"11377\">Descendimiento<\/a><\/em><br><em><a href=\"https:\/\/museocaraffa.org.ar\/coleccion\/index.php\/2021\/11\/12\/el-crucificado\/\" data-type=\"post\" data-id=\"7360\">El crucificado<\/a><\/em><br><em><a href=\"https:\/\/museocaraffa.org.ar\/coleccion\/index.php\/2021\/11\/12\/infierno\/\" data-type=\"post\" data-id=\"7363\">Infierno<\/a><\/em><br><br><br><\/p>\n","protected":false},"excerpt":{"rendered":"<p>Cangiano, Josefina (R\u00edo Cuarto, C\u00f3rdoba, 1918 &#8211; C\u00f3rdoba, 2003)<\/p>\n","protected":false},"author":1,"featured_media":0,"comment_status":"closed","ping_status":"closed","sticky":false,"template":"","format":"standard","meta":{"_vp_format_video_url":"","_vp_image_focal_point":[]},"categories":[6],"tags":[],"_links":{"self":[{"href":"https:\/\/museocaraffa.org.ar\/coleccion\/index.php\/wp-json\/wp\/v2\/posts\/7358"}],"collection":[{"href":"https:\/\/museocaraffa.org.ar\/coleccion\/index.php\/wp-json\/wp\/v2\/posts"}],"about":[{"href":"https:\/\/museocaraffa.org.ar\/coleccion\/index.php\/wp-json\/wp\/v2\/types\/post"}],"author":[{"embeddable":true,"href":"https:\/\/museocaraffa.org.ar\/coleccion\/index.php\/wp-json\/wp\/v2\/users\/1"}],"replies":[{"embeddable":true,"href":"https:\/\/museocaraffa.org.ar\/coleccion\/index.php\/wp-json\/wp\/v2\/comments?post=7358"}],"version-history":[{"count":7,"href":"https:\/\/museocaraffa.org.ar\/coleccion\/index.php\/wp-json\/wp\/v2\/posts\/7358\/revisions"}],"predecessor-version":[{"id":11380,"href":"https:\/\/museocaraffa.org.ar\/coleccion\/index.php\/wp-json\/wp\/v2\/posts\/7358\/revisions\/11380"}],"wp:attachment":[{"href":"https:\/\/museocaraffa.org.ar\/coleccion\/index.php\/wp-json\/wp\/v2\/media?parent=7358"}],"wp:term":[{"taxonomy":"category","embeddable":true,"href":"https:\/\/museocaraffa.org.ar\/coleccion\/index.php\/wp-json\/wp\/v2\/categories?post=7358"},{"taxonomy":"post_tag","embeddable":true,"href":"https:\/\/museocaraffa.org.ar\/coleccion\/index.php\/wp-json\/wp\/v2\/tags?post=7358"}],"curies":[{"name":"wp","href":"https:\/\/api.w.org\/{rel}","templated":true}]}}