{"id":7791,"date":"2021-11-20T15:30:25","date_gmt":"2021-11-20T18:30:25","guid":{"rendered":"https:\/\/museocaraffa.org.ar\/coleccion\/?p=7791"},"modified":"2022-01-12T09:23:06","modified_gmt":"2022-01-12T12:23:06","slug":"de-juan-ronaldo","status":"publish","type":"post","link":"https:\/\/museocaraffa.org.ar\/coleccion\/index.php\/2021\/11\/20\/de-juan-ronaldo\/","title":{"rendered":"De Juan, Ronaldo"},"content":{"rendered":"\n<p class=\"has-small-font-size\"><strong><strong>(Buchardo, C\u00f3rdoba, 1930 &#8211; Nueva York, 1990)<\/strong><\/strong><br>Inici\u00f3 su formaci\u00f3n en la Escuela de Artes de la Universidad Nacional de C\u00f3rdoba. Pertenece al llamado grupo de \u00abpintores modernos\u00bb de C\u00f3rdoba, que integran<a href=\"https:\/\/museocaraffa.org.ar\/coleccion\/index.php\/2022\/01\/12\/pont-verges-pedro\/\" data-type=\"post\" data-id=\"9414\"> Pedro Pont Verg\u00e9s<\/a>, <a href=\"https:\/\/museocaraffa.org.ar\/coleccion\/index.php\/2022\/01\/08\/pecker-raul\/\" data-type=\"post\" data-id=\"9177\">Ra\u00fal Pecker<\/a>, <a href=\"https:\/\/museocaraffa.org.ar\/coleccion\/index.php\/2021\/11\/11\/bonevardi-marcelo\/\" data-type=\"post\" data-id=\"7219\">Marcelo Bonevardi<\/a>, <a href=\"https:\/\/museocaraffa.org.ar\/coleccion\/index.php\/2021\/12\/29\/miravet-tito\/\" data-type=\"post\" data-id=\"8943\">Tito Miravet <\/a>y Antonio Segu\u00ed, entre otros. De manera coincidente con varios de estos artistas, expuso en esta ciudad, en Rosario, Santa Fe y Buenos Aires.<br>Su pintura transit\u00f3, en un principio, la figuraci\u00f3n para derivar luego hacia una forma de\u00a0 expresionismo abstracto. Son caracter\u00edsticos de su producci\u00f3n de ese momento la composici\u00f3n ca\u00f3tica y los fuertes contrastes de color (elementos presentes en alguna medida en su etapa precedente). Hacia 1980 su paleta se aten\u00faa y avanza sobre formatos mayores, proponiendo nuevas armon\u00edas y transparencias.<br>De su participaci\u00f3n en salones, que inici\u00f3 en 1953, cabe destacar la obtenci\u00f3n del Premio Adquisici\u00f3n de Pintura \u00abDr. Genaro P\u00e9rez\u00bb, en la ciudad de C\u00f3rdoba (1956). En 1957 fue becado en Europa por la Rotary Foundation; vivi\u00f3 en Par\u00eds por m\u00e1s de diez a\u00f1os. Una beca Guggenheim le permiti\u00f3, a su vez, establecerse en Nueva York, que escogi\u00f3 luego como residencia definitiva.<\/p>\n\n\n\n<hr class=\"wp-block-separator\"\/>\n\n\n\n<h6><strong><span class=\"has-inline-color has-cyan-bluish-gray-color\">Obras<\/span><\/strong><\/h6>\n\n\n\n<p class=\"has-small-font-size\"><em><a href=\"https:\/\/museocaraffa.org.ar\/coleccion\/index.php\/2021\/11\/20\/escaleras\/\" data-type=\"post\" data-id=\"7793\">Escaleras<\/a><\/em><br><br><br><a href=\"https:\/\/museocaraffa.org.ar\/coleccion\/index.php\/2021\/11\/19\/serie-de-los-angeles\/\" data-type=\"post\" data-id=\"7695\"><br><\/a><\/p>\n","protected":false},"excerpt":{"rendered":"<p>De Juan, Ronaldo (Buchardo, C\u00f3rdoba, 1930 &#8211; Nueva York, 1990)<\/p>\n","protected":false},"author":1,"featured_media":0,"comment_status":"closed","ping_status":"closed","sticky":false,"template":"","format":"standard","meta":{"_vp_format_video_url":"","_vp_image_focal_point":[]},"categories":[6],"tags":[],"_links":{"self":[{"href":"https:\/\/museocaraffa.org.ar\/coleccion\/index.php\/wp-json\/wp\/v2\/posts\/7791"}],"collection":[{"href":"https:\/\/museocaraffa.org.ar\/coleccion\/index.php\/wp-json\/wp\/v2\/posts"}],"about":[{"href":"https:\/\/museocaraffa.org.ar\/coleccion\/index.php\/wp-json\/wp\/v2\/types\/post"}],"author":[{"embeddable":true,"href":"https:\/\/museocaraffa.org.ar\/coleccion\/index.php\/wp-json\/wp\/v2\/users\/1"}],"replies":[{"embeddable":true,"href":"https:\/\/museocaraffa.org.ar\/coleccion\/index.php\/wp-json\/wp\/v2\/comments?post=7791"}],"version-history":[{"count":5,"href":"https:\/\/museocaraffa.org.ar\/coleccion\/index.php\/wp-json\/wp\/v2\/posts\/7791\/revisions"}],"predecessor-version":[{"id":9448,"href":"https:\/\/museocaraffa.org.ar\/coleccion\/index.php\/wp-json\/wp\/v2\/posts\/7791\/revisions\/9448"}],"wp:attachment":[{"href":"https:\/\/museocaraffa.org.ar\/coleccion\/index.php\/wp-json\/wp\/v2\/media?parent=7791"}],"wp:term":[{"taxonomy":"category","embeddable":true,"href":"https:\/\/museocaraffa.org.ar\/coleccion\/index.php\/wp-json\/wp\/v2\/categories?post=7791"},{"taxonomy":"post_tag","embeddable":true,"href":"https:\/\/museocaraffa.org.ar\/coleccion\/index.php\/wp-json\/wp\/v2\/tags?post=7791"}],"curies":[{"name":"wp","href":"https:\/\/api.w.org\/{rel}","templated":true}]}}