{"id":7806,"date":"2021-11-20T15:50:40","date_gmt":"2021-11-20T18:50:40","guid":{"rendered":"https:\/\/museocaraffa.org.ar\/coleccion\/?p=7806"},"modified":"2024-02-23T15:58:45","modified_gmt":"2024-02-23T18:58:45","slug":"delhez-victor","status":"publish","type":"post","link":"https:\/\/museocaraffa.org.ar\/coleccion\/index.php\/2021\/11\/20\/delhez-victor\/","title":{"rendered":"Delhez, V\u00edctor"},"content":{"rendered":"\n<p class=\"has-small-font-size\"><strong><strong>(Amberes, B\u00e9lgica, 1902 &#8211; Chacras de Coria, Mendoza, 1985) <\/strong><\/strong><br>Realiz\u00f3 estudios de arquitectura, dibujo y pintura en la Real Academia de Bellas Artes de Amberes. Obtuvo el t\u00edtulo de top\u00f3grafo en la Escuela \u00abDe Koninck\u00bb y el de ingeniero agr\u00f3nomo en la Facultad de Ciencias Exactas de la Universidad&nbsp; de Lovaina. Tom\u00f3 tambi\u00e9n cursos de dibujo en la Academia Provincial de esa misma ciudad.<br>En 1926 arrib\u00f3 a Buenos Aires, donde asumi\u00f3 actividades relacionadas con sus m\u00faltiples oficios (constructor, arquitecto, decorador, publicista) adem\u00e1s de continuar con su producci\u00f3n art\u00edstica. Realizaba entonces pinturas abstractas y grabados, adem\u00e1s de algunos experimentos fotogr\u00e1ficos de inspiraci\u00f3n surrealista. Su trabajo fue concentr\u00e1ndose sin embargo, en lo sucesivo, en el&nbsp; grabado y especialmente, en la xilograf\u00eda. En 1933 comenz\u00f3 a dictar clases de grabado en la Escuela Superior de Bellas Artes \u00abErnesto de la C\u00e1rcova\u00bb.&nbsp; Poco tiempo despu\u00e9s viaj\u00f3 a Bolivia, donde permaneci\u00f3 hasta 1937. Pas\u00f3 tambi\u00e9n por Chile y, de regreso en Argentina, un breve per\u00edodo en C\u00f3rdoba. En 1940, convocado por la Escuela Superior de Artes Pl\u00e1sticas de la Universidad Nacional de Cuyo para organizar un taller de grabado en esa instituci\u00f3n, se radic\u00f3 en Mendoza. Su presencia all\u00ed, sumada luego a la de <a href=\"https:\/\/museocaraffa.org.ar\/coleccion\/index.php\/2022\/02\/03\/sergi-sergio\/\" data-type=\"post\" data-id=\"9870\">Sergio Sergi<\/a>, se\u00f1al\u00f3 un hito en el desarrollo de la artes gr\u00e1ficas locales.<br>Entre sus series de grabados m\u00e1s conocidas se encuentran <em>Los cuatro Evangelios<\/em>, <em>El Apocalipsis de San Juan, Arquitectura y Nostalgia <\/em>y <em>La danza macabra.<\/em> En todas ellas, el artista se muestra poseedor de una t\u00e9cnica notable y un s\u00f3lido conocimiento de las tradiciones gr\u00e1ficas que, sumados a una prol\u00edfica imaginaci\u00f3n dan lugar a im\u00e1genes complejas, plenas de sugerencias fant\u00e1sticas. Cuestiones de tipo \u00e9ticas o filos\u00f3ficas (el dilema existencial, la batalla entre el bien y el mal) sobrevuelan en muchos de estos trabajos de clima dram\u00e1tico, acentuado por el tratamiento del claroscuro. Realiz\u00f3 tambi\u00e9n retratos, en muchos casos, de colegas artistas. En ellos, lejos de simplificar el planteo compositivo, Delhez despliega curiosos juegos de planos y superposiciones de im\u00e1genes que lo aproximan a una est\u00e9tica surreal. <br>Sus obras editadas ilustrando piezas literarias incluyen <em>Las flores del mal <\/em>de Baudelaire, <em>Las mil y una noches argentinas<\/em> de Juan Draghi Lucero, y <em>El canto de la sirena<\/em> de Miguel Can\u00e9, entre otras.<br>Adem\u00e1s de participar en exposiciones en Argentina, exhibi\u00f3 sus obras en Latinoam\u00e9rica, Estados Unidos y varias ciudades europeas.<br>En 1939 obtuvo el Premio \u00danico a Extranjeros en el Sal\u00f3n Nacional de Bellas Artes.<\/p>\n\n\n\n<hr class=\"wp-block-separator\"\/>\n\n\n\n<h6><strong><span class=\"has-inline-color has-cyan-bluish-gray-color\">Obras<\/span><\/strong><\/h6>\n\n\n\n<p class=\"has-small-font-size\"><a href=\"https:\/\/museocaraffa.org.ar\/coleccion\/index.php\/2024\/02\/23\/la-buena-pesca-la-pesca-milagrosa\/\" data-type=\"post\" data-id=\"13209\"><em>La buena pesca<\/em> \/ La pesca milagrosa<\/a><br><em><a href=\"https:\/\/museocaraffa.org.ar\/coleccion\/index.php\/2021\/11\/20\/retrato-de-n-a-nicolas-antonio\/\" data-type=\"post\" data-id=\"7808\">Retrato de N. A. (Nicol\u00e1s Antonio)<\/a><\/em><br><br><br><a href=\"https:\/\/museocaraffa.org.ar\/coleccion\/index.php\/2021\/11\/19\/serie-de-los-angeles\/\" data-type=\"post\" data-id=\"7695\"><br><\/a><em><br><br><\/em><\/p>\n","protected":false},"excerpt":{"rendered":"<p>Delhez, V\u00edctor (Amberes, B\u00e9lgica, 1902 &#8211; Chacras de Coria, Mendoza, 1985) <\/p>\n","protected":false},"author":1,"featured_media":0,"comment_status":"closed","ping_status":"closed","sticky":false,"template":"","format":"standard","meta":{"_vp_format_video_url":"","_vp_image_focal_point":[]},"categories":[6],"tags":[],"_links":{"self":[{"href":"https:\/\/museocaraffa.org.ar\/coleccion\/index.php\/wp-json\/wp\/v2\/posts\/7806"}],"collection":[{"href":"https:\/\/museocaraffa.org.ar\/coleccion\/index.php\/wp-json\/wp\/v2\/posts"}],"about":[{"href":"https:\/\/museocaraffa.org.ar\/coleccion\/index.php\/wp-json\/wp\/v2\/types\/post"}],"author":[{"embeddable":true,"href":"https:\/\/museocaraffa.org.ar\/coleccion\/index.php\/wp-json\/wp\/v2\/users\/1"}],"replies":[{"embeddable":true,"href":"https:\/\/museocaraffa.org.ar\/coleccion\/index.php\/wp-json\/wp\/v2\/comments?post=7806"}],"version-history":[{"count":6,"href":"https:\/\/museocaraffa.org.ar\/coleccion\/index.php\/wp-json\/wp\/v2\/posts\/7806\/revisions"}],"predecessor-version":[{"id":13212,"href":"https:\/\/museocaraffa.org.ar\/coleccion\/index.php\/wp-json\/wp\/v2\/posts\/7806\/revisions\/13212"}],"wp:attachment":[{"href":"https:\/\/museocaraffa.org.ar\/coleccion\/index.php\/wp-json\/wp\/v2\/media?parent=7806"}],"wp:term":[{"taxonomy":"category","embeddable":true,"href":"https:\/\/museocaraffa.org.ar\/coleccion\/index.php\/wp-json\/wp\/v2\/categories?post=7806"},{"taxonomy":"post_tag","embeddable":true,"href":"https:\/\/museocaraffa.org.ar\/coleccion\/index.php\/wp-json\/wp\/v2\/tags?post=7806"}],"curies":[{"name":"wp","href":"https:\/\/api.w.org\/{rel}","templated":true}]}}