{"id":7875,"date":"2021-11-22T12:37:55","date_gmt":"2021-11-22T15:37:55","guid":{"rendered":"https:\/\/museocaraffa.org.ar\/coleccion\/?p=7875"},"modified":"2021-11-22T12:45:52","modified_gmt":"2021-11-22T15:45:52","slug":"domingo-marques-francisco","status":"publish","type":"post","link":"https:\/\/museocaraffa.org.ar\/coleccion\/index.php\/2021\/11\/22\/domingo-marques-francisco\/","title":{"rendered":"Domingo Marqu\u00e9s, Francisco"},"content":{"rendered":"\n<p class=\"has-small-font-size\"><strong><strong>(Valencia, Espa\u00f1a, 1842 &#8211; Madrid, Espa\u00f1a, 1920)<\/strong><\/strong><br><\/p>\n\n\n\n<hr class=\"wp-block-separator\"\/>\n\n\n\n<h6><strong><span class=\"has-inline-color has-cyan-bluish-gray-color\">Obras<\/span><\/strong><\/h6>\n\n\n\n<p class=\"has-small-font-size\"><em><a href=\"https:\/\/museocaraffa.org.ar\/coleccion\/index.php\/2021\/11\/22\/retrato-de-un-desconocido\/\" data-type=\"post\" data-id=\"7877\">Retrato de un desconocido<\/a><\/em><br><br><br><br><br><br><a href=\"https:\/\/museocaraffa.org.ar\/coleccion\/index.php\/2021\/11\/19\/serie-de-los-angeles\/\" data-type=\"post\" data-id=\"7695\"><br><\/a><em><br><br><\/em><br><em><br><\/em><br><br><br><br><br><br><br><em><br><\/em><br><em><br><\/em><br><br><br><\/p>\n","protected":false},"excerpt":{"rendered":"<p>Domingo Marqu\u00e9s, Francisco  (Valencia, Espa\u00f1a, 1842 &#8211; Madrid, Espa\u00f1a, 1920)<\/p>\n","protected":false},"author":1,"featured_media":0,"comment_status":"closed","ping_status":"closed","sticky":false,"template":"","format":"standard","meta":{"_vp_format_video_url":"","_vp_image_focal_point":[]},"categories":[6],"tags":[],"_links":{"self":[{"href":"https:\/\/museocaraffa.org.ar\/coleccion\/index.php\/wp-json\/wp\/v2\/posts\/7875"}],"collection":[{"href":"https:\/\/museocaraffa.org.ar\/coleccion\/index.php\/wp-json\/wp\/v2\/posts"}],"about":[{"href":"https:\/\/museocaraffa.org.ar\/coleccion\/index.php\/wp-json\/wp\/v2\/types\/post"}],"author":[{"embeddable":true,"href":"https:\/\/museocaraffa.org.ar\/coleccion\/index.php\/wp-json\/wp\/v2\/users\/1"}],"replies":[{"embeddable":true,"href":"https:\/\/museocaraffa.org.ar\/coleccion\/index.php\/wp-json\/wp\/v2\/comments?post=7875"}],"version-history":[{"count":2,"href":"https:\/\/museocaraffa.org.ar\/coleccion\/index.php\/wp-json\/wp\/v2\/posts\/7875\/revisions"}],"predecessor-version":[{"id":7880,"href":"https:\/\/museocaraffa.org.ar\/coleccion\/index.php\/wp-json\/wp\/v2\/posts\/7875\/revisions\/7880"}],"wp:attachment":[{"href":"https:\/\/museocaraffa.org.ar\/coleccion\/index.php\/wp-json\/wp\/v2\/media?parent=7875"}],"wp:term":[{"taxonomy":"category","embeddable":true,"href":"https:\/\/museocaraffa.org.ar\/coleccion\/index.php\/wp-json\/wp\/v2\/categories?post=7875"},{"taxonomy":"post_tag","embeddable":true,"href":"https:\/\/museocaraffa.org.ar\/coleccion\/index.php\/wp-json\/wp\/v2\/tags?post=7875"}],"curies":[{"name":"wp","href":"https:\/\/api.w.org\/{rel}","templated":true}]}}