{"id":7992,"date":"2021-11-22T16:08:20","date_gmt":"2021-11-22T19:08:20","guid":{"rendered":"https:\/\/museocaraffa.org.ar\/coleccion\/?p=7992"},"modified":"2022-06-02T14:55:47","modified_gmt":"2022-06-02T17:55:47","slug":"sin-titulo-se-la-serie-pasaje","status":"publish","type":"post","link":"https:\/\/museocaraffa.org.ar\/coleccion\/index.php\/2021\/11\/22\/sin-titulo-se-la-serie-pasaje\/","title":{"rendered":"Sin t\u00edtulo (se la serie \u00abPasaje\u00bb)"},"content":{"rendered":"\n<h5><strong><a href=\"https:\/\/museocaraffa.org.ar\/coleccion\/index.php\/2021\/11\/22\/elbert-tali\/\" data-type=\"post\" data-id=\"7990\">Elbert, Tali<\/a><\/strong><\/h5>\n\n\n\n<figure class=\"wp-block-image size-full\"><img loading=\"lazy\" width=\"265\" height=\"400\" src=\"https:\/\/museocaraffa.org.ar\/coleccion\/wp-content\/uploads\/2021\/11\/Elbert_Pasaje_web.jpg\" alt=\"\" class=\"wp-image-7993\" srcset=\"https:\/\/museocaraffa.org.ar\/coleccion\/wp-content\/uploads\/2021\/11\/Elbert_Pasaje_web.jpg 265w, https:\/\/museocaraffa.org.ar\/coleccion\/wp-content\/uploads\/2021\/11\/Elbert_Pasaje_web-199x300.jpg 199w\" sizes=\"(max-width: 265px) 100vw, 265px\" \/><\/figure>\n\n\n\n<p class=\"has-small-font-size\">A\u00f1o: 2005-2007<br>T\u00e9cnica: Fotograf\u00eda directa color, lamda print, montaje en bajo acr\u00edlico. Edic.: 1\/5<br>Dimensiones: 120 x 80 cm<br>Dimensiones con marco\/base: Sin marco<br>N\u00ba inv.: 1325<br>Ingreso: Donaci\u00f3n de la artista, 2012; en el marco de la exposici\u00f3n \u00abTali Elbert. Pasaje\u00bb, Museo Caraffa, 2011, 2012<\/p>\n\n\n\n<hr class=\"wp-block-separator\"\/>\n\n\n\n<p class=\"has-small-font-size\">La obra pertenece a una serie de trabajos denominada \u00abPasaje\u00bb que <a href=\"https:\/\/museocaraffa.org.ar\/coleccion\/index.php\/2021\/11\/22\/elbert-tali\/\" data-type=\"post\" data-id=\"7990\">Tali Elbert<\/a> desarroll\u00f3 entre el 2005 y el 2007 con el fot\u00f3grafo y editor Gabriel D\u00edaz (tambi\u00e9n curador de la exposici\u00f3n realizada en el Museo Caraffa en 2011\/2012), en una pileta de nataci\u00f3n de un club de la ciudad de Buenos Aires. All\u00ed realiz\u00f3 tomas, con una c\u00e1mara sumergible, de personas adultas-ancianas bajo el agua. Las im\u00e1genes resultantes no constituyen retratos en sentido estricto; las fotograf\u00edas\u00a0 muestran cuerpos flotando o parte de ellos, sin rostros identificables. El azul del agua se destaca en todas las im\u00e1genes y las unifica como conjunto. Las fotograf\u00edas fueron retocadas con el fin de reducir cualquier elemento reconocible o dato m\u00e1s concreto del entorno; Elbert se\u00f1ala al respecto: \u00abAs\u00ed como elegimos las im\u00e1genes donde no hay rostros, tambi\u00e9n buscamos alejarnos de la presencia completa de la pileta de nataci\u00f3n. Hubo una b\u00fasqueda para que esos seres que aparecen, sean a\u00fan m\u00e1s et\u00e9reos y que sus cuerpos vayan perdiendo ese peso denso que tiene la existencia. De este modo cobraba m\u00e1s importancia el espacio acu\u00e1tico como una dimensi\u00f3n que contiene a estos seres longevos, sin importar si es una pileta, el mar, el cielo o un espacio azul que los despide suavemente.\u00bb Con respecto a esta \u00faltima idea (la de la despedida), el\u00a0 trabajo adquiri\u00f3 un nuevo sentido para la artista, a partir de la muerte de su padre ocurrida el mismo a\u00f1o de la exhibici\u00f3n en el\u00a0 Museo Caraffa: \u00abMe dio mucho alivio pensar este trabajo como una despedida de mi pap\u00e1. Una despedida amorosa. Viendo las fotos me cay\u00f3 la ficha de lo que para m\u00ed era la muerte de mi padre: un pasaje, sin esa cosa oscura y dram\u00e1tica que a veces le damos a la muerte&#8230;\u00bb<br><br><\/p>\n\n\n<div style=\"font-size: 12px;\" class=\"taxonomy-post_tag wp-block-post-terms\"><a href=\"https:\/\/museocaraffa.org.ar\/coleccion\/index.php\/tag\/arte-argentino\/\" rel=\"tag\">arte argentino<\/a><span class=\"wp-block-post-terms__separator\">, <\/span><a href=\"https:\/\/museocaraffa.org.ar\/coleccion\/index.php\/tag\/decada-2000\/\" rel=\"tag\">d\u00e9cada 2000<\/a><span class=\"wp-block-post-terms__separator\">, <\/span><a href=\"https:\/\/museocaraffa.org.ar\/coleccion\/index.php\/tag\/figura\/\" rel=\"tag\">figura<\/a><span class=\"wp-block-post-terms__separator\">, <\/span><a href=\"https:\/\/museocaraffa.org.ar\/coleccion\/index.php\/tag\/fotografia\/\" rel=\"tag\">fotograf\u00eda<\/a><\/div>\n\n\n<p><a role=\"button\" href=\"https:\/\/museocaraffa.org.ar\/coleccion\/index.php\/artistas-a-z\/\"><\/a><\/p>\n","protected":false},"excerpt":{"rendered":"<p>Elbert, Tali. Sin t\u00edtulo (de la serie \u00abPasaje\u00bb). 2005-2007. Fotograf\u00eda. 120 x 80 cm<\/p>\n","protected":false},"author":1,"featured_media":0,"comment_status":"closed","ping_status":"closed","sticky":false,"template":"","format":"standard","meta":{"_vp_format_video_url":"","_vp_image_focal_point":[]},"categories":[7],"tags":[15,30,25,21],"_links":{"self":[{"href":"https:\/\/museocaraffa.org.ar\/coleccion\/index.php\/wp-json\/wp\/v2\/posts\/7992"}],"collection":[{"href":"https:\/\/museocaraffa.org.ar\/coleccion\/index.php\/wp-json\/wp\/v2\/posts"}],"about":[{"href":"https:\/\/museocaraffa.org.ar\/coleccion\/index.php\/wp-json\/wp\/v2\/types\/post"}],"author":[{"embeddable":true,"href":"https:\/\/museocaraffa.org.ar\/coleccion\/index.php\/wp-json\/wp\/v2\/users\/1"}],"replies":[{"embeddable":true,"href":"https:\/\/museocaraffa.org.ar\/coleccion\/index.php\/wp-json\/wp\/v2\/comments?post=7992"}],"version-history":[{"count":2,"href":"https:\/\/museocaraffa.org.ar\/coleccion\/index.php\/wp-json\/wp\/v2\/posts\/7992\/revisions"}],"predecessor-version":[{"id":11247,"href":"https:\/\/museocaraffa.org.ar\/coleccion\/index.php\/wp-json\/wp\/v2\/posts\/7992\/revisions\/11247"}],"wp:attachment":[{"href":"https:\/\/museocaraffa.org.ar\/coleccion\/index.php\/wp-json\/wp\/v2\/media?parent=7992"}],"wp:term":[{"taxonomy":"category","embeddable":true,"href":"https:\/\/museocaraffa.org.ar\/coleccion\/index.php\/wp-json\/wp\/v2\/categories?post=7992"},{"taxonomy":"post_tag","embeddable":true,"href":"https:\/\/museocaraffa.org.ar\/coleccion\/index.php\/wp-json\/wp\/v2\/tags?post=7992"}],"curies":[{"name":"wp","href":"https:\/\/api.w.org\/{rel}","templated":true}]}}