{"id":9039,"date":"2021-12-31T12:26:15","date_gmt":"2021-12-31T15:26:15","guid":{"rendered":"https:\/\/museocaraffa.org.ar\/coleccion\/?p=9039"},"modified":"2024-06-19T13:03:05","modified_gmt":"2024-06-19T16:03:05","slug":"montmartre-place-du-tertre","status":"publish","type":"post","link":"https:\/\/museocaraffa.org.ar\/coleccion\/index.php\/2021\/12\/31\/montmartre-place-du-tertre\/","title":{"rendered":"Montmartre &#8211; Place du Tertre"},"content":{"rendered":"\n<h5><strong><a href=\"https:\/\/museocaraffa.org.ar\/coleccion\/index.php\/2021\/12\/31\/nava-hector\/\" data-type=\"post\" data-id=\"9037\">Nava, H\u00e9ctor<\/a><\/strong><\/h5>\n\n\n\n<figure class=\"wp-block-image size-full\"><img loading=\"lazy\" width=\"399\" height=\"350\" src=\"https:\/\/museocaraffa.org.ar\/coleccion\/wp-content\/uploads\/2024\/06\/Nava_Montmartre_web.jpg\" alt=\"\" class=\"wp-image-13854\" srcset=\"https:\/\/museocaraffa.org.ar\/coleccion\/wp-content\/uploads\/2024\/06\/Nava_Montmartre_web.jpg 399w, https:\/\/museocaraffa.org.ar\/coleccion\/wp-content\/uploads\/2024\/06\/Nava_Montmartre_web-300x263.jpg 300w\" sizes=\"(max-width: 399px) 100vw, 399px\" \/><\/figure>\n\n\n\n<p style=\"font-size:12px\"><\/p>\n\n\n\n<p class=\"has-small-font-size\">A\u00f1o: 1928<br>T\u00e9cnica: \u00d3leo sobre cart\u00f3n<br>Dimensiones: 45,5 x 52,5 cm<br>Dimensiones con marco\/base: 59 x 66 cm<br>N\u00ba inv.: 127<br>Ingreso: Compra, 1935; en el marco del III Sal\u00f3n de C\u00f3rdoba, Museo Provincial de Bellas Artes (Museo Caraffa),1935<br><br><\/p>\n\n\n<div style=\"font-size: 12px;\" class=\"taxonomy-post_tag wp-block-post-terms\"><a href=\"https:\/\/museocaraffa.org.ar\/coleccion\/index.php\/tag\/arte-argentino\/\" rel=\"tag\">arte argentino<\/a><span class=\"wp-block-post-terms__separator\">, <\/span><a href=\"https:\/\/museocaraffa.org.ar\/coleccion\/index.php\/tag\/decada-1920\/\" rel=\"tag\">d\u00e9cada 1920<\/a><span class=\"wp-block-post-terms__separator\">, <\/span><a href=\"https:\/\/museocaraffa.org.ar\/coleccion\/index.php\/tag\/paisaje\/\" rel=\"tag\">paisaje<\/a><span class=\"wp-block-post-terms__separator\">, <\/span><a href=\"https:\/\/museocaraffa.org.ar\/coleccion\/index.php\/tag\/paisaje-urbano\/\" rel=\"tag\">paisaje urbano<\/a><span class=\"wp-block-post-terms__separator\">, <\/span><a href=\"https:\/\/museocaraffa.org.ar\/coleccion\/index.php\/tag\/pintura\/\" rel=\"tag\">pintura<\/a><\/div>\n\n\n<p><a role=\"button\" href=\"https:\/\/museocaraffa.org.ar\/coleccion\/index.php\/artistas-a-z\/\"><\/a><\/p>\n","protected":false},"excerpt":{"rendered":"<p>Nava, H\u00e9ctor. Montmartre &#8211; Place du Tertre. 1928. \u00d3leo sobre cart\u00f3n. 45,5 x 52,5 cm<\/p>\n","protected":false},"author":1,"featured_media":0,"comment_status":"closed","ping_status":"closed","sticky":false,"template":"","format":"standard","meta":{"_vp_format_video_url":"","_vp_image_focal_point":[]},"categories":[7],"tags":[15,33,24,39,17],"_links":{"self":[{"href":"https:\/\/museocaraffa.org.ar\/coleccion\/index.php\/wp-json\/wp\/v2\/posts\/9039"}],"collection":[{"href":"https:\/\/museocaraffa.org.ar\/coleccion\/index.php\/wp-json\/wp\/v2\/posts"}],"about":[{"href":"https:\/\/museocaraffa.org.ar\/coleccion\/index.php\/wp-json\/wp\/v2\/types\/post"}],"author":[{"embeddable":true,"href":"https:\/\/museocaraffa.org.ar\/coleccion\/index.php\/wp-json\/wp\/v2\/users\/1"}],"replies":[{"embeddable":true,"href":"https:\/\/museocaraffa.org.ar\/coleccion\/index.php\/wp-json\/wp\/v2\/comments?post=9039"}],"version-history":[{"count":3,"href":"https:\/\/museocaraffa.org.ar\/coleccion\/index.php\/wp-json\/wp\/v2\/posts\/9039\/revisions"}],"predecessor-version":[{"id":13855,"href":"https:\/\/museocaraffa.org.ar\/coleccion\/index.php\/wp-json\/wp\/v2\/posts\/9039\/revisions\/13855"}],"wp:attachment":[{"href":"https:\/\/museocaraffa.org.ar\/coleccion\/index.php\/wp-json\/wp\/v2\/media?parent=9039"}],"wp:term":[{"taxonomy":"category","embeddable":true,"href":"https:\/\/museocaraffa.org.ar\/coleccion\/index.php\/wp-json\/wp\/v2\/categories?post=9039"},{"taxonomy":"post_tag","embeddable":true,"href":"https:\/\/museocaraffa.org.ar\/coleccion\/index.php\/wp-json\/wp\/v2\/tags?post=9039"}],"curies":[{"name":"wp","href":"https:\/\/api.w.org\/{rel}","templated":true}]}}