{"id":9152,"date":"2022-01-08T18:22:57","date_gmt":"2022-01-08T21:22:57","guid":{"rendered":"https:\/\/museocaraffa.org.ar\/coleccion\/?p=9152"},"modified":"2022-01-08T18:22:59","modified_gmt":"2022-01-08T21:22:59","slug":"naturaleza-muerta-3","status":"publish","type":"post","link":"https:\/\/museocaraffa.org.ar\/coleccion\/index.php\/2022\/01\/08\/naturaleza-muerta-3\/","title":{"rendered":"Naturaleza muerta"},"content":{"rendered":"\n<h5><strong><a href=\"https:\/\/museocaraffa.org.ar\/coleccion\/index.php\/2022\/01\/08\/palamara-onofrio\/\" data-type=\"post\" data-id=\"9147\">Palamara, Onofrio<\/a><\/strong><\/h5>\n\n\n\n<figure class=\"wp-block-image size-full\"><img loading=\"lazy\" width=\"525\" height=\"350\" src=\"https:\/\/museocaraffa.org.ar\/coleccion\/wp-content\/uploads\/2022\/01\/Palamara_Naturaleza-muerta_web.jpg\" alt=\"\" class=\"wp-image-9153\" srcset=\"https:\/\/museocaraffa.org.ar\/coleccion\/wp-content\/uploads\/2022\/01\/Palamara_Naturaleza-muerta_web.jpg 525w, https:\/\/museocaraffa.org.ar\/coleccion\/wp-content\/uploads\/2022\/01\/Palamara_Naturaleza-muerta_web-300x200.jpg 300w, https:\/\/museocaraffa.org.ar\/coleccion\/wp-content\/uploads\/2022\/01\/Palamara_Naturaleza-muerta_web-500x333.jpg 500w\" sizes=\"(max-width: 525px) 100vw, 525px\" \/><\/figure>\n\n\n\n<p style=\"font-size:12px\"><\/p>\n\n\n\n<p class=\"has-small-font-size\">A\u00f1o: S\/f<br>T\u00e9cnica: \u00d3leo sobre cart\u00f3n <br>Dimensiones: 34,3 x 49,8 cm<br>Dimensiones con marco\/base: 47 x 62,5 cm<br>N\u00ba inv.: 339<br><br><\/p>\n\n\n<div style=\"font-size: 12px;\" class=\"taxonomy-post_tag wp-block-post-terms\"><a href=\"https:\/\/museocaraffa.org.ar\/coleccion\/index.php\/tag\/arte-argentino\/\" rel=\"tag\">arte argentino<\/a><span class=\"wp-block-post-terms__separator\">, <\/span><a href=\"https:\/\/museocaraffa.org.ar\/coleccion\/index.php\/tag\/arte-cordoba\/\" rel=\"tag\">arte c\u00f3rdoba<\/a><span class=\"wp-block-post-terms__separator\">, <\/span><a href=\"https:\/\/museocaraffa.org.ar\/coleccion\/index.php\/tag\/naturaleza-muerta\/\" rel=\"tag\">naturaleza muerta<\/a><span class=\"wp-block-post-terms__separator\">, <\/span><a href=\"https:\/\/museocaraffa.org.ar\/coleccion\/index.php\/tag\/pintura\/\" rel=\"tag\">pintura<\/a><\/div>\n\n\n<p><a role=\"button\" href=\"https:\/\/museocaraffa.org.ar\/coleccion\/index.php\/artistas-a-z\/\"><\/a><\/p>\n","protected":false},"excerpt":{"rendered":"<p>Palamara, Onofrio. Naturaleza muerta. S\/f. \u00d3leo sobre cart\u00f3n entelado. 34,3 x 49,8 cm<\/p>\n","protected":false},"author":1,"featured_media":0,"comment_status":"closed","ping_status":"closed","sticky":false,"template":"","format":"standard","meta":{"_vp_format_video_url":"","_vp_image_focal_point":[]},"categories":[7],"tags":[15,16,26,17],"_links":{"self":[{"href":"https:\/\/museocaraffa.org.ar\/coleccion\/index.php\/wp-json\/wp\/v2\/posts\/9152"}],"collection":[{"href":"https:\/\/museocaraffa.org.ar\/coleccion\/index.php\/wp-json\/wp\/v2\/posts"}],"about":[{"href":"https:\/\/museocaraffa.org.ar\/coleccion\/index.php\/wp-json\/wp\/v2\/types\/post"}],"author":[{"embeddable":true,"href":"https:\/\/museocaraffa.org.ar\/coleccion\/index.php\/wp-json\/wp\/v2\/users\/1"}],"replies":[{"embeddable":true,"href":"https:\/\/museocaraffa.org.ar\/coleccion\/index.php\/wp-json\/wp\/v2\/comments?post=9152"}],"version-history":[{"count":1,"href":"https:\/\/museocaraffa.org.ar\/coleccion\/index.php\/wp-json\/wp\/v2\/posts\/9152\/revisions"}],"predecessor-version":[{"id":9154,"href":"https:\/\/museocaraffa.org.ar\/coleccion\/index.php\/wp-json\/wp\/v2\/posts\/9152\/revisions\/9154"}],"wp:attachment":[{"href":"https:\/\/museocaraffa.org.ar\/coleccion\/index.php\/wp-json\/wp\/v2\/media?parent=9152"}],"wp:term":[{"taxonomy":"category","embeddable":true,"href":"https:\/\/museocaraffa.org.ar\/coleccion\/index.php\/wp-json\/wp\/v2\/categories?post=9152"},{"taxonomy":"post_tag","embeddable":true,"href":"https:\/\/museocaraffa.org.ar\/coleccion\/index.php\/wp-json\/wp\/v2\/tags?post=9152"}],"curies":[{"name":"wp","href":"https:\/\/api.w.org\/{rel}","templated":true}]}}