{"id":9233,"date":"2022-01-09T10:53:47","date_gmt":"2022-01-09T13:53:47","guid":{"rendered":"https:\/\/museocaraffa.org.ar\/coleccion\/?p=9233"},"modified":"2022-01-09T10:56:39","modified_gmt":"2022-01-09T13:56:39","slug":"la-muerte-como-consejera","status":"publish","type":"post","link":"https:\/\/museocaraffa.org.ar\/coleccion\/index.php\/2022\/01\/09\/la-muerte-como-consejera\/","title":{"rendered":"La muerte como consejera"},"content":{"rendered":"\n<h5><strong><a href=\"https:\/\/museocaraffa.org.ar\/coleccion\/index.php\/2022\/01\/09\/peisino-pablo\/\" data-type=\"post\" data-id=\"9236\">Peisino, Pablo<\/a><\/strong><\/h5>\n\n\n\n<figure class=\"wp-block-image size-full\"><img loading=\"lazy\" width=\"467\" height=\"350\" src=\"https:\/\/museocaraffa.org.ar\/coleccion\/wp-content\/uploads\/2022\/01\/Peisino_La-muerte-como-consejera_web.jpg\" alt=\"\" class=\"wp-image-9234\" srcset=\"https:\/\/museocaraffa.org.ar\/coleccion\/wp-content\/uploads\/2022\/01\/Peisino_La-muerte-como-consejera_web.jpg 467w, https:\/\/museocaraffa.org.ar\/coleccion\/wp-content\/uploads\/2022\/01\/Peisino_La-muerte-como-consejera_web-300x225.jpg 300w, https:\/\/museocaraffa.org.ar\/coleccion\/wp-content\/uploads\/2022\/01\/Peisino_La-muerte-como-consejera_web-400x300.jpg 400w, https:\/\/museocaraffa.org.ar\/coleccion\/wp-content\/uploads\/2022\/01\/Peisino_La-muerte-como-consejera_web-200x150.jpg 200w\" sizes=\"(max-width: 467px) 100vw, 467px\" \/><\/figure>\n\n\n\n<p style=\"font-size:12px\"><\/p>\n\n\n\n<p class=\"has-small-font-size\">A\u00f1o: 2004<br>T\u00e9cnica: Objetos de tela rellenos con vell\u00f3n<br>Dimensiones: variables<br>Dimensiones con marco\/base: <br>N\u00ba inv.: 1290<br>Ingreso: Donaci\u00f3n del artista, 2008; a partir de la exposici\u00f3n \u00abEl nuevo Caraffa\u2026\u00bb, Museo Caraffa, 2007-2008<br><br><\/p>\n\n\n<div style=\"font-size: 12px;\" class=\"taxonomy-post_tag wp-block-post-terms\"><a href=\"https:\/\/museocaraffa.org.ar\/coleccion\/index.php\/tag\/arte-argentino\/\" rel=\"tag\">arte argentino<\/a><span class=\"wp-block-post-terms__separator\">, <\/span><a href=\"https:\/\/museocaraffa.org.ar\/coleccion\/index.php\/tag\/arte-cordoba\/\" rel=\"tag\">arte c\u00f3rdoba<\/a><span class=\"wp-block-post-terms__separator\">, <\/span><a href=\"https:\/\/museocaraffa.org.ar\/coleccion\/index.php\/tag\/decada-2000\/\" rel=\"tag\">d\u00e9cada 2000<\/a><span class=\"wp-block-post-terms__separator\">, <\/span><a href=\"https:\/\/museocaraffa.org.ar\/coleccion\/index.php\/tag\/instalacion\/\" rel=\"tag\">instalaci\u00f3n<\/a><\/div>\n\n\n<p><a role=\"button\" href=\"https:\/\/museocaraffa.org.ar\/coleccion\/index.php\/artistas-a-z\/\"><\/a><\/p>\n","protected":false},"excerpt":{"rendered":"<p>Peisino, Pablo. La muerte como consejera. 2004. Objetos de tela rellenos con vell\u00f3n. Medidas variables<\/p>\n","protected":false},"author":1,"featured_media":0,"comment_status":"closed","ping_status":"closed","sticky":false,"template":"","format":"standard","meta":{"_vp_format_video_url":"","_vp_image_focal_point":[]},"categories":[7],"tags":[15,16,30,23],"_links":{"self":[{"href":"https:\/\/museocaraffa.org.ar\/coleccion\/index.php\/wp-json\/wp\/v2\/posts\/9233"}],"collection":[{"href":"https:\/\/museocaraffa.org.ar\/coleccion\/index.php\/wp-json\/wp\/v2\/posts"}],"about":[{"href":"https:\/\/museocaraffa.org.ar\/coleccion\/index.php\/wp-json\/wp\/v2\/types\/post"}],"author":[{"embeddable":true,"href":"https:\/\/museocaraffa.org.ar\/coleccion\/index.php\/wp-json\/wp\/v2\/users\/1"}],"replies":[{"embeddable":true,"href":"https:\/\/museocaraffa.org.ar\/coleccion\/index.php\/wp-json\/wp\/v2\/comments?post=9233"}],"version-history":[{"count":2,"href":"https:\/\/museocaraffa.org.ar\/coleccion\/index.php\/wp-json\/wp\/v2\/posts\/9233\/revisions"}],"predecessor-version":[{"id":9238,"href":"https:\/\/museocaraffa.org.ar\/coleccion\/index.php\/wp-json\/wp\/v2\/posts\/9233\/revisions\/9238"}],"wp:attachment":[{"href":"https:\/\/museocaraffa.org.ar\/coleccion\/index.php\/wp-json\/wp\/v2\/media?parent=9233"}],"wp:term":[{"taxonomy":"category","embeddable":true,"href":"https:\/\/museocaraffa.org.ar\/coleccion\/index.php\/wp-json\/wp\/v2\/categories?post=9233"},{"taxonomy":"post_tag","embeddable":true,"href":"https:\/\/museocaraffa.org.ar\/coleccion\/index.php\/wp-json\/wp\/v2\/tags?post=9233"}],"curies":[{"name":"wp","href":"https:\/\/api.w.org\/{rel}","templated":true}]}}