{"id":9660,"date":"2022-01-26T12:43:50","date_gmt":"2022-01-26T15:43:50","guid":{"rendered":"https:\/\/museocaraffa.org.ar\/coleccion\/?p=9660"},"modified":"2022-01-26T13:13:19","modified_gmt":"2022-01-26T16:13:19","slug":"roca-deodoro","status":"publish","type":"post","link":"https:\/\/museocaraffa.org.ar\/coleccion\/index.php\/2022\/01\/26\/roca-deodoro\/","title":{"rendered":"Roca, Deodoro"},"content":{"rendered":"\n<p class=\"has-small-font-size\"><strong>(C\u00f3rdoba, 1890 &#8211; 1942)<\/strong><br>Miembro de una familia de la elite cordobesa, se form\u00f3 en la Facultad de Derecho y Ciencias Sociales de la Universidad de C\u00f3rdoba, en la que se doctor\u00f3 en 1915. Lejos de limitarse al ejercicio de la abogac\u00eda (que tambi\u00e9n pr\u00e1ctic\u00f3), sus inquietudes intelectuales y convicciones pol\u00edticas lo llevaron desplegarse en m\u00faltiples espacios. L\u00edder de la Reforma Universitaria, fue autor del c\u00e9lebre <em>Manifiesto Liminar.<\/em> Ocup\u00f3 la c\u00e1tedra de Filosof\u00eda General en la Facultad de Derecho (1919-1921). Su estudio, ubicado en el centro de la ciudad de C\u00f3rdoba (el \u00abs\u00f3tano de Deodoro\u00bb), recibi\u00f3 a destacados intelectuales, pol\u00edticos y artistas locales y extranjeros. Por all\u00ed pasaron figuras como Stefan Zweig, Jos\u00e9 Ortega y Gasset, Ra\u00fal Haya de la Torre, Eugenio d\u00b4Ors, Waldo Frank, Jos\u00e9 Ingenieros, Alfredo Palacios, Lisandro de la Torre y Rafael Alberti. Particip\u00f3 activamente desde mediados de la d\u00e9cada del veinte en numerosas agrupaciones e instituciones antifascistas, apoyando causas democr\u00e1ticas y libertarias en el pa\u00eds y en Latinoam\u00e9rica. Parte de estas intervenciones, como tambi\u00e9n de sus reflexiones sobre temas filos\u00f3ficos, art\u00edsticos, universitarios, jur\u00eddicos, entre otros, fueron recogidas en publicaciones peri\u00f3dicas, algunas inclusive, fruto de su propia iniciativa, como <em>Flecha<\/em> (1935-1936) y <em>Las<\/em> <em>Comunas<\/em> (1939-1940). S\u00f3lo p\u00f3stumamente fueron reunidas, sin embargo, como libros. Dirigi\u00f3 el Museo Provincial (1916-1919) y junto a Carlos Astrada elabor\u00f3 el proyecto de becas provinciales para perfeccionamiento de artistas en el extranjero, que fue sancionado en 1922. Pintor autodidacta, unido por lazos familiares a <a href=\"https:\/\/museocaraffa.org.ar\/coleccion\/index.php\/2022\/01\/10\/pinto-octavio\/\" data-type=\"post\" data-id=\"9309\">Octavio Pinto<\/a>, comparti\u00f3 con \u00e9l la predilecci\u00f3n por el paisaje de Ongamira. Ocasionalmente, exhibi\u00f3 sus pinturas en eventos como el Sal\u00f3n Nacional de Bellas Artes.<\/p>\n\n\n\n<hr class=\"wp-block-separator\"\/>\n\n\n\n<h6 id=\"obras\"><strong><span class=\"has-inline-color has-cyan-bluish-gray-color\">Obras<\/span><\/strong><\/h6>\n\n\n\n<p class=\"has-small-font-size\"><em><a href=\"https:\/\/museocaraffa.org.ar\/coleccion\/index.php\/2022\/01\/26\/ongamira\/\" data-type=\"post\" data-id=\"9662\">Ongamira<\/a><\/em><br><br><br><br><br><br><br><br><br><br><br><br><br><br><br><br><em><br><br><\/em><br><br><br><br><\/p>\n","protected":false},"excerpt":{"rendered":"<p>Roca, Deodoro (C\u00f3rdoba, 1890 &#8211; 1942)<\/p>\n","protected":false},"author":1,"featured_media":0,"comment_status":"closed","ping_status":"closed","sticky":false,"template":"","format":"standard","meta":{"_vp_format_video_url":"","_vp_image_focal_point":[]},"categories":[6],"tags":[],"_links":{"self":[{"href":"https:\/\/museocaraffa.org.ar\/coleccion\/index.php\/wp-json\/wp\/v2\/posts\/9660"}],"collection":[{"href":"https:\/\/museocaraffa.org.ar\/coleccion\/index.php\/wp-json\/wp\/v2\/posts"}],"about":[{"href":"https:\/\/museocaraffa.org.ar\/coleccion\/index.php\/wp-json\/wp\/v2\/types\/post"}],"author":[{"embeddable":true,"href":"https:\/\/museocaraffa.org.ar\/coleccion\/index.php\/wp-json\/wp\/v2\/users\/1"}],"replies":[{"embeddable":true,"href":"https:\/\/museocaraffa.org.ar\/coleccion\/index.php\/wp-json\/wp\/v2\/comments?post=9660"}],"version-history":[{"count":2,"href":"https:\/\/museocaraffa.org.ar\/coleccion\/index.php\/wp-json\/wp\/v2\/posts\/9660\/revisions"}],"predecessor-version":[{"id":9665,"href":"https:\/\/museocaraffa.org.ar\/coleccion\/index.php\/wp-json\/wp\/v2\/posts\/9660\/revisions\/9665"}],"wp:attachment":[{"href":"https:\/\/museocaraffa.org.ar\/coleccion\/index.php\/wp-json\/wp\/v2\/media?parent=9660"}],"wp:term":[{"taxonomy":"category","embeddable":true,"href":"https:\/\/museocaraffa.org.ar\/coleccion\/index.php\/wp-json\/wp\/v2\/categories?post=9660"},{"taxonomy":"post_tag","embeddable":true,"href":"https:\/\/museocaraffa.org.ar\/coleccion\/index.php\/wp-json\/wp\/v2\/tags?post=9660"}],"curies":[{"name":"wp","href":"https:\/\/api.w.org\/{rel}","templated":true}]}}