{"id":9686,"date":"2022-01-27T08:26:44","date_gmt":"2022-01-27T11:26:44","guid":{"rendered":"https:\/\/museocaraffa.org.ar\/coleccion\/?p=9686"},"modified":"2022-02-02T13:27:42","modified_gmt":"2022-02-02T16:27:42","slug":"la-montana","status":"publish","type":"post","link":"https:\/\/museocaraffa.org.ar\/coleccion\/index.php\/2022\/01\/27\/la-montana\/","title":{"rendered":"La monta\u00f1a"},"content":{"rendered":"\n<h5 id=\"roux-ricardo\"><strong><a href=\"https:\/\/museocaraffa.org.ar\/coleccion\/index.php\/2022\/01\/27\/roux-ricardo\/\" data-type=\"post\" data-id=\"9684\">Roux, Ricardo<\/a><\/strong><\/h5>\n\n\n\n<figure class=\"wp-block-image size-full\"><img loading=\"lazy\" width=\"403\" height=\"400\" src=\"https:\/\/museocaraffa.org.ar\/coleccion\/wp-content\/uploads\/2022\/02\/Roux-R_La-montana_web.jpg\" alt=\"\" class=\"wp-image-9784\" srcset=\"https:\/\/museocaraffa.org.ar\/coleccion\/wp-content\/uploads\/2022\/02\/Roux-R_La-montana_web.jpg 403w, https:\/\/museocaraffa.org.ar\/coleccion\/wp-content\/uploads\/2022\/02\/Roux-R_La-montana_web-300x298.jpg 300w, https:\/\/museocaraffa.org.ar\/coleccion\/wp-content\/uploads\/2022\/02\/Roux-R_La-montana_web-150x150.jpg 150w, https:\/\/museocaraffa.org.ar\/coleccion\/wp-content\/uploads\/2022\/02\/Roux-R_La-montana_web-200x200.jpg 200w\" sizes=\"(max-width: 403px) 100vw, 403px\" \/><\/figure>\n\n\n\n<p style=\"font-size:12px\"><\/p>\n\n\n\n<p class=\"has-small-font-size\">A\u00f1o: 1988<br>T\u00e9cnica: Acr\u00edlico sobre tela<br>Dimensiones: 200 x 200 cm<br>Dimensiones con marco\/base: Sin marco<br>N\u00ba inv.: 1371<br>Ingreso: Donaci\u00f3n del artista, 2014; en el marco de la exposici\u00f3n \u00abRicardo Roux. Pura pintura\u00bb, Museo Caraffa, 2014<br><\/p>\n\n\n\n<hr class=\"wp-block-separator\"\/>\n\n\n\n<p class=\"has-small-font-size\"><em>La monta\u00f1a<\/em> forma parte de una exploraci\u00f3n que en los a\u00f1os ochenta lleva al artista a trabajar el concepto de paisaje desde la abstracci\u00f3n. Su paleta va derivando en ese momento, progresivamente, hacia los colores primarios, que junto a negros y blancos se articulan en configuraciones din\u00e1micas, de enorme potencia visual. El gran formato acent\u00faa el gesto en\u00e9rgico de la pincelada, que remite inevitablemente a los ejercicios propios del informalismo. Este proceso fue presentado en la primera exposici\u00f3n individual que Roux realiz\u00f3 en el Museo S\u00edvori (Buenos Aires, 1988).<br><\/p>\n\n\n<div style=\"font-size: 12px;\" class=\"taxonomy-post_tag wp-block-post-terms\"><a href=\"https:\/\/museocaraffa.org.ar\/coleccion\/index.php\/tag\/abstraccion\/\" rel=\"tag\">abstracci\u00f3n<\/a><span class=\"wp-block-post-terms__separator\">, <\/span><a href=\"https:\/\/museocaraffa.org.ar\/coleccion\/index.php\/tag\/arte-argentino\/\" rel=\"tag\">arte argentino<\/a><span class=\"wp-block-post-terms__separator\">, <\/span><a href=\"https:\/\/museocaraffa.org.ar\/coleccion\/index.php\/tag\/decada-1980\/\" rel=\"tag\">d\u00e9cada 1980<\/a><span class=\"wp-block-post-terms__separator\">, <\/span><a href=\"https:\/\/museocaraffa.org.ar\/coleccion\/index.php\/tag\/paisaje\/\" rel=\"tag\">paisaje<\/a><span class=\"wp-block-post-terms__separator\">, <\/span><a href=\"https:\/\/museocaraffa.org.ar\/coleccion\/index.php\/tag\/pintura\/\" rel=\"tag\">pintura<\/a><\/div>\n\n\n<p><a role=\"button\" href=\"https:\/\/museocaraffa.org.ar\/coleccion\/index.php\/artistas-a-z\/\"><\/a><\/p>\n","protected":false},"excerpt":{"rendered":"<p>Roux, Ricardo. La monta\u00f1a. 1988. Acr\u00edlico sobre tela. 200 x 200 cm<\/p>\n","protected":false},"author":1,"featured_media":0,"comment_status":"closed","ping_status":"closed","sticky":false,"template":"","format":"standard","meta":{"_vp_format_video_url":"","_vp_image_focal_point":[]},"categories":[7],"tags":[29,15,37,24,17],"_links":{"self":[{"href":"https:\/\/museocaraffa.org.ar\/coleccion\/index.php\/wp-json\/wp\/v2\/posts\/9686"}],"collection":[{"href":"https:\/\/museocaraffa.org.ar\/coleccion\/index.php\/wp-json\/wp\/v2\/posts"}],"about":[{"href":"https:\/\/museocaraffa.org.ar\/coleccion\/index.php\/wp-json\/wp\/v2\/types\/post"}],"author":[{"embeddable":true,"href":"https:\/\/museocaraffa.org.ar\/coleccion\/index.php\/wp-json\/wp\/v2\/users\/1"}],"replies":[{"embeddable":true,"href":"https:\/\/museocaraffa.org.ar\/coleccion\/index.php\/wp-json\/wp\/v2\/comments?post=9686"}],"version-history":[{"count":3,"href":"https:\/\/museocaraffa.org.ar\/coleccion\/index.php\/wp-json\/wp\/v2\/posts\/9686\/revisions"}],"predecessor-version":[{"id":9785,"href":"https:\/\/museocaraffa.org.ar\/coleccion\/index.php\/wp-json\/wp\/v2\/posts\/9686\/revisions\/9785"}],"wp:attachment":[{"href":"https:\/\/museocaraffa.org.ar\/coleccion\/index.php\/wp-json\/wp\/v2\/media?parent=9686"}],"wp:term":[{"taxonomy":"category","embeddable":true,"href":"https:\/\/museocaraffa.org.ar\/coleccion\/index.php\/wp-json\/wp\/v2\/categories?post=9686"},{"taxonomy":"post_tag","embeddable":true,"href":"https:\/\/museocaraffa.org.ar\/coleccion\/index.php\/wp-json\/wp\/v2\/tags?post=9686"}],"curies":[{"name":"wp","href":"https:\/\/api.w.org\/{rel}","templated":true}]}}